{"id":16549,"date":"2020-06-15T14:00:36","date_gmt":"2020-06-15T17:00:36","guid":{"rendered":"https:\/\/www.bibliotecadeseguranca.com.br\/fr\/?p=16549"},"modified":"2020-06-15T13:01:21","modified_gmt":"2020-06-15T16:01:21","slug":"resiliencia-empresarial-plano-de-gestao-de-crise-covid-19","status":"publish","type":"post","link":"https:\/\/www.bibliotecadeseguranca.com.br\/fr\/livros\/resiliencia-empresarial-plano-de-gestao-de-crise-covid-19\/","title":{"rendered":"Resili\u00eancia Empresarial &#8211; Plano de Gest\u00e3o de Crise: COVID-19"},"content":{"rendered":"<p><span style=\"color: #003366;\"><strong><img loading=\"lazy\" decoding=\"async\" class=\"alignleft size-full wp-image-16550\" src=\"https:\/\/www.bibliotecadeseguranca.com.br\/fr\/wp-content\/uploads\/2020\/06\/resiliencia-empresarial-plano-de-gestao-de-crise-covid-19.jpg\" alt=\"Resili\u00eancia Empresarial - Plano de Gest\u00e3o de Crise COVID-19\" width=\"145\" height=\"205\" srcset=\"https:\/\/www.bibliotecadeseguranca.com.br\/fr\/wp-content\/uploads\/2020\/06\/resiliencia-empresarial-plano-de-gestao-de-crise-covid-19.jpg 145w, https:\/\/www.bibliotecadeseguranca.com.br\/fr\/wp-content\/uploads\/2020\/06\/resiliencia-empresarial-plano-de-gestao-de-crise-covid-19-106x150.jpg 106w\" sizes=\"auto, (max-width: 145px) 100vw, 145px\" \/>EY Brasil<\/strong><\/span><\/p>\n<p><span style=\"color: #003366;\"><strong>R\u00e9sum\u00e9:<\/strong><\/span> A paralisa\u00e7\u00e3o das atividades e dos neg\u00f3cios das empresas, a depender da extens\u00e3o, tem potencial de gerar repercuss\u00e3o consider\u00e1vel em determinados setores e empresas que possuam alta alavancagem e depend\u00eancia de cadeias de suprimentos afetadas pela crise, tanto Inbound como Outbound.<br \/>\nAl\u00e9m do risco \u00e0 sa\u00fade das pessoas, tanto diretamente pelo cont\u00e1gio, quanto pelo stress da capacidade limitada de atendimento do sistema de sa\u00fade, o v\u00edrus est\u00e1 causando uma disrup\u00e7\u00e3o global no ambiente de neg\u00f3cios. Paralisa\u00e7\u00e3o de opera\u00e7\u00f5es, interrup\u00e7\u00f5es nas cadeias produtivas e de suprimentos, restri\u00e7\u00f5es a viagens, fechamento de escrit\u00f3rios e cancelamento de in\u00fameros eventos, projetos e investimentos se somam, impondo desafios talvez jamais enfrentados simultaneamente.<\/p>\n<p><a href=\"https:\/\/www.bibliotecadeseguranca.com.br\/wp-content\/uploads\/2020\/06\/resiliencia-empresarial-plano-de-gestao-de-crise-covid-19.pdf\" target=\"_blank\" rel=\"noopener\"><img loading=\"lazy\" decoding=\"async\" class=\"alignleft wp-image-12143 size-full\" src=\"https:\/\/www.bibliotecadeseguranca.com.br\/fr\/wp-content\/uploads\/2015\/03\/download_fr.gif\" alt=\"T\u00e9l\u00e9charger\" width=\"107\" height=\"25\" \/><\/a><\/p>\n","protected":false},"excerpt":{"rendered":"<p>EY Brasil R\u00e9sum\u00e9: A paralisa\u00e7\u00e3o das atividades e dos neg\u00f3cios das empresas, a depender da extens\u00e3o, tem potencial de gerar repercuss\u00e3o consider\u00e1vel em determinados setores e empresas que possuam alta alavancagem e depend\u00eancia de cadeias de suprimentos afetadas pela crise, tanto Inbound como Outbound. Al\u00e9m do risco \u00e0 sa\u00fade das pessoas, tanto diretamente pelo cont\u00e1gio, quanto pelo stress da capacidade limitada de atendimento do sistema de sa\u00fade, o v\u00edrus est\u00e1&hellip; <\/p>\n","protected":false},"author":3,"featured_media":16550,"comment_status":"open","ping_status":"closed","sticky":false,"template":"","format":"standard","meta":{"footnotes":""},"categories":[14,6,19,112],"tags":[],"class_list":["post-16549","post","type-post","status-publish","format-standard","has-post-thumbnail","hentry","category-administracao-e-estrategia-empresarial","category-livros","category-risco-e-perdas","category-download"],"views":117,"_links":{"self":[{"href":"https:\/\/www.bibliotecadeseguranca.com.br\/fr\/wp-json\/wp\/v2\/posts\/16549","targetHints":{"allow":["GET"]}}],"collection":[{"href":"https:\/\/www.bibliotecadeseguranca.com.br\/fr\/wp-json\/wp\/v2\/posts"}],"about":[{"href":"https:\/\/www.bibliotecadeseguranca.com.br\/fr\/wp-json\/wp\/v2\/types\/post"}],"author":[{"embeddable":true,"href":"https:\/\/www.bibliotecadeseguranca.com.br\/fr\/wp-json\/wp\/v2\/users\/3"}],"replies":[{"embeddable":true,"href":"https:\/\/www.bibliotecadeseguranca.com.br\/fr\/wp-json\/wp\/v2\/comments?post=16549"}],"version-history":[{"count":2,"href":"https:\/\/www.bibliotecadeseguranca.com.br\/fr\/wp-json\/wp\/v2\/posts\/16549\/revisions"}],"predecessor-version":[{"id":16552,"href":"https:\/\/www.bibliotecadeseguranca.com.br\/fr\/wp-json\/wp\/v2\/posts\/16549\/revisions\/16552"}],"wp:featuredmedia":[{"embeddable":true,"href":"https:\/\/www.bibliotecadeseguranca.com.br\/fr\/wp-json\/wp\/v2\/media\/16550"}],"wp:attachment":[{"href":"https:\/\/www.bibliotecadeseguranca.com.br\/fr\/wp-json\/wp\/v2\/media?parent=16549"}],"wp:term":[{"taxonomy":"category","embeddable":true,"href":"https:\/\/www.bibliotecadeseguranca.com.br\/fr\/wp-json\/wp\/v2\/categories?post=16549"},{"taxonomy":"post_tag","embeddable":true,"href":"https:\/\/www.bibliotecadeseguranca.com.br\/fr\/wp-json\/wp\/v2\/tags?post=16549"}],"curies":[{"name":"wp","href":"https:\/\/api.w.org\/{rel}","templated":true}]}}