{"id":16539,"date":"2020-06-11T14:00:55","date_gmt":"2020-06-11T17:00:55","guid":{"rendered":"https:\/\/www.bibliotecadeseguranca.com.br\/fr\/?p=16539"},"modified":"2020-06-11T11:35:30","modified_gmt":"2020-06-11T14:35:30","slug":"respuesta-de-la-salud-publica-a-las-armas-biologicas-y-quimicas","status":"publish","type":"post","link":"https:\/\/www.bibliotecadeseguranca.com.br\/fr\/livros\/respuesta-de-la-salud-publica-a-las-armas-biologicas-y-quimicas\/","title":{"rendered":"Respuesta de la Salud P\u00fablica a las Armas Biol\u00f3gicas y Qu\u00edmicas"},"content":{"rendered":"<p><span style=\"color: #003366;\"><strong><img loading=\"lazy\" decoding=\"async\" class=\"alignleft size-full wp-image-16540\" src=\"https:\/\/www.bibliotecadeseguranca.com.br\/fr\/wp-content\/uploads\/2020\/06\/respuesta-de-la-salud-publica-a-las-armas-biologicas-y-quimicas.jpg\" alt=\"Respuesta de la Salud P\u00fablica a las Armas Biol\u00f3gicas y Qu\u00edmicas\" width=\"145\" height=\"205\" srcset=\"https:\/\/www.bibliotecadeseguranca.com.br\/fr\/wp-content\/uploads\/2020\/06\/respuesta-de-la-salud-publica-a-las-armas-biologicas-y-quimicas.jpg 145w, https:\/\/www.bibliotecadeseguranca.com.br\/fr\/wp-content\/uploads\/2020\/06\/respuesta-de-la-salud-publica-a-las-armas-biologicas-y-quimicas-106x150.jpg 106w\" sizes=\"auto, (max-width: 145px) 100vw, 145px\" \/>Organizaci\u00f3n Mundial de la Salud<\/strong><\/span><\/p>\n<p><span style=\"color: #003366;\"><strong>R\u00e9sum\u00e9:<\/strong><\/span> En las d\u00e9cadas recientes, los pa\u00edses de las Am\u00e9ricas han fortalecido su capacidad para enfrentar situaciones de emergencias y desastres, sean \u00e9stos de origen natural o producto de la actividad humana. El sector salud de muchos pa\u00edses ha desarrollado redes nacionales cuya responsabilidad espec\u00edfica es la gesti\u00f3n de riesgos y la atenci\u00f3n de emergencias y desastres. Sin embargo, se requiere ampliar y consolidar esos avances.<br \/>\nLos pa\u00edses de la regi\u00f3n enfrentan a\u00fan diversos riesgos para la salud p\u00fablica, agreg\u00e1ndose actualmente la posibilidad del uso deliberado de agentes biol\u00f3gicos y qu\u00edmicos. Como respuesta a la solicitud de numerosos pa\u00edses, la Organizaci\u00f3n Panamericana de la Salud cre\u00f3 un equipo t\u00e9cnico para el tema de bioterrorismo, liderado por el Director Adjunto e integrado por diversas \u00e1reas y unidades t\u00e9cnicas de la OPS, en particular Emergencias y Desastres, Enfermedades Transmisibles, Salud Ambiental, Inmunizaciones, Salud P\u00fablica Veterinaria e Informaci\u00f3n P\u00fablica, entre otras.<br \/>\nEn un escenario de temor, percepci\u00f3n de inseguridad e incertidumbre sobre el agente involucrado, la salud es s\u00f3lo una parte de todo el contexto y el problema fundamental es la seguridad integral de la poblaci\u00f3n. La responsabilidad esencial del sector salud es detectar y controlar los riesgos para la salud y no distraer sus esfuerzos para determinar si el incidente fue accidental o intencional.<br \/>\nLa presente gu\u00eda es una contribuci\u00f3n para los Estados Miembro de habla hispana que pretende ayudar al fortalecimiento de su capacidad para enfrentar las consecuencias a la salud p\u00fablica del uso deliberado de armas qu\u00edmicas y biol\u00f3gicas. Hoy, m\u00e1s que nunca, los pa\u00edses y las instituciones necesitan recurrir en primer lugar a sus propios recursos colectivos. Sin embargo, los preparativos y la respuesta requerir\u00e1n tambi\u00e9n del planeamiento y solidaridad entre varios pa\u00edses, varios sectores y varias disciplinas.<\/p>\n<p><a href=\"https:\/\/www.bibliotecadeseguranca.com.br\/wp-content\/uploads\/2020\/06\/respuesta-de-la-salud-publica-a-las-armas-biologicas-y-quimicas.pdf\" target=\"_blank\" rel=\"noopener\"><img loading=\"lazy\" decoding=\"async\" class=\"alignleft wp-image-12143 size-full\" src=\"https:\/\/www.bibliotecadeseguranca.com.br\/fr\/wp-content\/uploads\/2015\/03\/download_fr.gif\" alt=\"T\u00e9l\u00e9charger\" width=\"107\" height=\"25\" \/><\/a><\/p>\n","protected":false},"excerpt":{"rendered":"<p>Organizaci\u00f3n Mundial de la Salud R\u00e9sum\u00e9: En las d\u00e9cadas recientes, los pa\u00edses de las Am\u00e9ricas han fortalecido su capacidad para enfrentar situaciones de emergencias y desastres, sean \u00e9stos de origen natural o producto de la actividad humana. El sector salud de muchos pa\u00edses ha desarrollado redes nacionales cuya responsabilidad espec\u00edfica es la gesti\u00f3n de riesgos y la atenci\u00f3n de emergencias y desastres. Sin embargo, se requiere ampliar y consolidar esos&hellip; <\/p>\n","protected":false},"author":3,"featured_media":16540,"comment_status":"open","ping_status":"closed","sticky":false,"template":"","format":"standard","meta":{"footnotes":""},"categories":[81,6,25,112],"tags":[],"class_list":["post-16539","post","type-post","status-publish","format-standard","has-post-thumbnail","hentry","category-espanol","category-livros","category-seguranca-publica-e-defesa","category-download"],"views":173,"_links":{"self":[{"href":"https:\/\/www.bibliotecadeseguranca.com.br\/fr\/wp-json\/wp\/v2\/posts\/16539","targetHints":{"allow":["GET"]}}],"collection":[{"href":"https:\/\/www.bibliotecadeseguranca.com.br\/fr\/wp-json\/wp\/v2\/posts"}],"about":[{"href":"https:\/\/www.bibliotecadeseguranca.com.br\/fr\/wp-json\/wp\/v2\/types\/post"}],"author":[{"embeddable":true,"href":"https:\/\/www.bibliotecadeseguranca.com.br\/fr\/wp-json\/wp\/v2\/users\/3"}],"replies":[{"embeddable":true,"href":"https:\/\/www.bibliotecadeseguranca.com.br\/fr\/wp-json\/wp\/v2\/comments?post=16539"}],"version-history":[{"count":1,"href":"https:\/\/www.bibliotecadeseguranca.com.br\/fr\/wp-json\/wp\/v2\/posts\/16539\/revisions"}],"predecessor-version":[{"id":16541,"href":"https:\/\/www.bibliotecadeseguranca.com.br\/fr\/wp-json\/wp\/v2\/posts\/16539\/revisions\/16541"}],"wp:featuredmedia":[{"embeddable":true,"href":"https:\/\/www.bibliotecadeseguranca.com.br\/fr\/wp-json\/wp\/v2\/media\/16540"}],"wp:attachment":[{"href":"https:\/\/www.bibliotecadeseguranca.com.br\/fr\/wp-json\/wp\/v2\/media?parent=16539"}],"wp:term":[{"taxonomy":"category","embeddable":true,"href":"https:\/\/www.bibliotecadeseguranca.com.br\/fr\/wp-json\/wp\/v2\/categories?post=16539"},{"taxonomy":"post_tag","embeddable":true,"href":"https:\/\/www.bibliotecadeseguranca.com.br\/fr\/wp-json\/wp\/v2\/tags?post=16539"}],"curies":[{"name":"wp","href":"https:\/\/api.w.org\/{rel}","templated":true}]}}