{"id":16533,"date":"2020-06-08T14:00:51","date_gmt":"2020-06-08T17:00:51","guid":{"rendered":"https:\/\/www.bibliotecadeseguranca.com.br\/fr\/?p=16533"},"modified":"2020-06-08T12:23:42","modified_gmt":"2020-06-08T15:23:42","slug":"seguranca-publica-7","status":"publish","type":"post","link":"https:\/\/www.bibliotecadeseguranca.com.br\/fr\/livros\/seguranca-publica-7\/","title":{"rendered":"Seguran\u00e7a P\u00fablica"},"content":{"rendered":"<p><span style=\"color: #003366;\"><strong><img loading=\"lazy\" decoding=\"async\" class=\"alignleft size-full wp-image-16534\" src=\"https:\/\/www.bibliotecadeseguranca.com.br\/fr\/wp-content\/uploads\/2020\/06\/seguranca-publica.jpg\" alt=\"Seguran\u00e7a P\u00fablica\" width=\"145\" height=\"220\" srcset=\"https:\/\/www.bibliotecadeseguranca.com.br\/fr\/wp-content\/uploads\/2020\/06\/seguranca-publica.jpg 145w, https:\/\/www.bibliotecadeseguranca.com.br\/fr\/wp-content\/uploads\/2020\/06\/seguranca-publica-99x150.jpg 99w\" sizes=\"auto, (max-width: 145px) 100vw, 145px\" \/>Claudia Moraes Trindade, Davyd Spencer Ribeiro de Souza, Edgard Vin\u00edcius Cacho Zanette, Fernando C\u00e9sar Costa Xavier, Pablo Ornelas Rosa, Simone Souza da Costa Silva<\/strong><\/span><\/p>\n<p><span style=\"color: #003366;\"><strong>Maison d&#8217;\u00e9dition CRV<\/strong><\/span><\/p>\n<p><span style=\"color: #003366;\"><strong>R\u00e9sum\u00e9:<\/strong><\/span> Desde os gregos, \u00e9tica e cidadania acontecem na p\u00f3lis (cidade). O justo \u00e9 coisa da cidade e viver junto exige compromisso \u00e9tico. Ser cidad\u00e3o s\u00f3 \u00e9 poss\u00edvel na cidade. Os desafios para a vida conjunta, coletiva, s\u00e3o desafiadores. Os desejos humanos s\u00e3o infinitos, mas os recursos s\u00e3o escassos. Esta perigosa dicotomia, sem adequada media\u00e7\u00e3o, \u00e9 uma marca que rasga o real em suas contradi\u00e7\u00f5es. Sempre corremos o risco das crises, da fal\u00eancia do Estado, da guerra de todos contra todos, da espolia\u00e7\u00e3o do que \u00e9 p\u00fablico. A constru\u00e7\u00e3o de uma sociedade envolve a busca continuada em pensar o problema da viol\u00eancia e do conflito. Amamos a liberdade, mas, tamb\u00e9m amamos a seguran\u00e7a. Ora, como conciliar liberdade e seguran\u00e7a? Produzir cidad\u00e3os \u00e9ticos e cuidar da seguran\u00e7a do que \u00e9 p\u00fablico (seguran\u00e7a p\u00fablica) s\u00e3o, talvez, os maiores desafios de uma na\u00e7\u00e3o. Pensar a \u00e9tica, sabendo que a viol\u00eancia sempre est\u00e1 presente e que ela faz parte de n\u00f3s, pode contribuir para um tratamento cient\u00edfico e menos rom\u00e2ntico dos nossos problemas. A falta de planejamento, de m\u00e9todo, de conhecimento, n\u00e3o perdoa, e n\u00e3o \u00e9 sem raz\u00e3o que a explos\u00e3o da viol\u00eancia e da corrup\u00e7\u00e3o assola o nosso pa\u00eds. \u00c9 preciso envolver o \u00e2mbito repressivo com a educa\u00e7\u00e3o. Os \u00f3rg\u00e3os de seguran\u00e7a p\u00fablica, isolados, solit\u00e1rios, s\u00e3o incapazes de mudar o real, at\u00e9 porque em sociedade ningu\u00e9m faz nada sozinho. A administra\u00e7\u00e3o da ordem, atrav\u00e9s do monop\u00f3lio da for\u00e7a, responsabilidade do estado, pode nos deixar a sensa\u00e7\u00e3o de que n\u00e3o somos respons\u00e1veis pelos problemas que est\u00e3o a\u00ed. Mas, infelizmente, temos nossa parcela de culpa. Como diria o fil\u00f3sofo Hegel: a culpa \u00e9 do todo. Cuidar do que \u00e9 p\u00fablico, do que \u00e9 comum, \u00e9 dever de todos.<\/p>\n","protected":false},"excerpt":{"rendered":"<p>Claudia Moraes Trindade, Davyd Spencer Ribeiro de Souza, Edgard Vin\u00edcius Cacho Zanette, Fernando C\u00e9sar Costa Xavier, Pablo Ornelas Rosa, Simone Souza da Costa Silva Maison d&#8217;\u00e9dition CRV R\u00e9sum\u00e9: Desde os gregos, \u00e9tica e cidadania acontecem na p\u00f3lis (cidade). O justo \u00e9 coisa da cidade e viver junto exige compromisso \u00e9tico. Ser cidad\u00e3o s\u00f3 \u00e9 poss\u00edvel na cidade. Os desafios para a vida conjunta, coletiva, s\u00e3o desafiadores. Os desejos humanos s\u00e3o&hellip; <\/p>\n","protected":false},"author":3,"featured_media":16534,"comment_status":"open","ping_status":"closed","sticky":false,"template":"","format":"standard","meta":{"footnotes":""},"categories":[6,25],"tags":[],"class_list":["post-16533","post","type-post","status-publish","format-standard","has-post-thumbnail","hentry","category-livros","category-seguranca-publica-e-defesa"],"views":119,"_links":{"self":[{"href":"https:\/\/www.bibliotecadeseguranca.com.br\/fr\/wp-json\/wp\/v2\/posts\/16533","targetHints":{"allow":["GET"]}}],"collection":[{"href":"https:\/\/www.bibliotecadeseguranca.com.br\/fr\/wp-json\/wp\/v2\/posts"}],"about":[{"href":"https:\/\/www.bibliotecadeseguranca.com.br\/fr\/wp-json\/wp\/v2\/types\/post"}],"author":[{"embeddable":true,"href":"https:\/\/www.bibliotecadeseguranca.com.br\/fr\/wp-json\/wp\/v2\/users\/3"}],"replies":[{"embeddable":true,"href":"https:\/\/www.bibliotecadeseguranca.com.br\/fr\/wp-json\/wp\/v2\/comments?post=16533"}],"version-history":[{"count":1,"href":"https:\/\/www.bibliotecadeseguranca.com.br\/fr\/wp-json\/wp\/v2\/posts\/16533\/revisions"}],"predecessor-version":[{"id":16535,"href":"https:\/\/www.bibliotecadeseguranca.com.br\/fr\/wp-json\/wp\/v2\/posts\/16533\/revisions\/16535"}],"wp:featuredmedia":[{"embeddable":true,"href":"https:\/\/www.bibliotecadeseguranca.com.br\/fr\/wp-json\/wp\/v2\/media\/16534"}],"wp:attachment":[{"href":"https:\/\/www.bibliotecadeseguranca.com.br\/fr\/wp-json\/wp\/v2\/media?parent=16533"}],"wp:term":[{"taxonomy":"category","embeddable":true,"href":"https:\/\/www.bibliotecadeseguranca.com.br\/fr\/wp-json\/wp\/v2\/categories?post=16533"},{"taxonomy":"post_tag","embeddable":true,"href":"https:\/\/www.bibliotecadeseguranca.com.br\/fr\/wp-json\/wp\/v2\/tags?post=16533"}],"curies":[{"name":"wp","href":"https:\/\/api.w.org\/{rel}","templated":true}]}}