{"id":16473,"date":"2020-05-12T14:00:51","date_gmt":"2020-05-12T17:00:51","guid":{"rendered":"https:\/\/www.bibliotecadeseguranca.com.br\/fr\/?p=16473"},"modified":"2020-05-12T13:18:29","modified_gmt":"2020-05-12T16:18:29","slug":"guide-de-gestion-des-situations-de-crise","status":"publish","type":"post","link":"https:\/\/www.bibliotecadeseguranca.com.br\/fr\/livros\/guide-de-gestion-des-situations-de-crise\/","title":{"rendered":"Guide de Gestion des Situations de Crise"},"content":{"rendered":"<p><span style=\"color: #003366;\"><strong><img loading=\"lazy\" decoding=\"async\" class=\"alignleft size-full wp-image-16474\" src=\"https:\/\/www.bibliotecadeseguranca.com.br\/fr\/wp-content\/uploads\/2020\/05\/guide-de-gestion-des-situations-de-crise.jpg\" alt=\"Guide de Gestion des Situations de Crise\" width=\"145\" height=\"205\" srcset=\"https:\/\/www.bibliotecadeseguranca.com.br\/fr\/wp-content\/uploads\/2020\/05\/guide-de-gestion-des-situations-de-crise.jpg 145w, https:\/\/www.bibliotecadeseguranca.com.br\/fr\/wp-content\/uploads\/2020\/05\/guide-de-gestion-des-situations-de-crise-106x150.jpg 106w\" sizes=\"auto, (max-width: 145px) 100vw, 145px\" \/>Minist\u00e8re de l&#8217;\u00c9galit\u00e9 des Territoires et du Logement<\/strong><\/span><\/p>\n<p><span style=\"color: #003366;\"><strong>R\u00e9sum\u00e9:<\/strong><\/span> Dans la continuit\u00e9 des travaux du m\u00e9mento minist\u00e9riel de gestion de crise, r\u00e9cemment diffus\u00e9 qui pr\u00e9sente l\u2019organisation et les moyens dont sont dot\u00e9s le minist\u00e8re de l\u2019\u00e9galit\u00e9 des territoires et du logement (METL) et le minist\u00e8re de l\u2019\u00e9cologie, du d\u00e9veloppement durable et de l\u2019\u00e9nergie (MEDDE) au niveau national pour r\u00e9pondre \u00e0 la gestion des situations d\u2019urgence, le service de d\u00e9fense, de s\u00e9curit\u00e9 et d\u2019intelligence \u00e9conomique (SDSIE) souhaite pouvoir doter le centre de crise de Roquelaure (CCR) d\u2019outils performants de gestion de crise. \u00c0 ce titre, la d\u00e9finition d\u2019indicateurs pertinents appara\u00eet comme une plus-value dans le fonctionnement des diff\u00e9rentes cellules du CCR.<br \/>\nDans sa partie l\u00e9gislative, le Code de la D\u00e9fense stipule que \u00ab les ministres charg\u00e9s de l\u2019environnement, des transports, de l\u2019\u00e9nergie et de l\u2019industrie sont responsables, chacun en ce qui le concerne, en mati\u00e8re de ma\u00eetrise des risques naturels et technologiques, de transports, de production et d\u2019approvisionnements \u00e9nerg\u00e9tiques ainsi que d\u2019infrastructures, de la satisfaction des besoins de la d\u00e9fense et de la s\u00e9curit\u00e9 nationale et, en toutes circonstances, de la continuit\u00e9 des services \u00bb (art L1142-9). Cette responsabilit\u00e9 est globale et n\u00e9cessite que les ministres s\u2019organisent, dans leur champ de comp\u00e9tences, pour apporter leur contribution \u00e0 l\u2019action du gouvernement, aussi bien dans la mise en \u0153uvre des politiques de pr\u00e9vention que dans la conduite de crise. \u00c0 cette fin, ils mobilisent leurs services et les op\u00e9rateurs de leurs secteurs d\u2019activit\u00e9 pour l\u2019analyse et la r\u00e9solution des crises.<\/p>\n<p><a href=\"https:\/\/www.bibliotecadeseguranca.com.br\/wp-content\/uploads\/2020\/05\/guide-de-gestion-des-situations-de-crise.pdf\" target=\"_blank\" rel=\"noopener\"><img loading=\"lazy\" decoding=\"async\" class=\"alignleft wp-image-12143 size-full\" src=\"https:\/\/www.bibliotecadeseguranca.com.br\/fr\/wp-content\/uploads\/2015\/03\/download_fr.gif\" alt=\"T\u00e9l\u00e9charger\" width=\"107\" height=\"25\" \/><\/a><\/p>\n","protected":false},"excerpt":{"rendered":"<p>Minist\u00e8re de l&#8217;\u00c9galit\u00e9 des Territoires et du Logement R\u00e9sum\u00e9: Dans la continuit\u00e9 des travaux du m\u00e9mento minist\u00e9riel de gestion de crise, r\u00e9cemment diffus\u00e9 qui pr\u00e9sente l\u2019organisation et les moyens dont sont dot\u00e9s le minist\u00e8re de l\u2019\u00e9galit\u00e9 des territoires et du logement (METL) et le minist\u00e8re de l\u2019\u00e9cologie, du d\u00e9veloppement durable et de l\u2019\u00e9nergie (MEDDE) au niveau national pour r\u00e9pondre \u00e0 la gestion des situations d\u2019urgence, le service de d\u00e9fense, de&hellip; <\/p>\n","protected":false},"author":3,"featured_media":16474,"comment_status":"open","ping_status":"closed","sticky":false,"template":"","format":"standard","meta":{"footnotes":""},"categories":[109,6,19,25,112],"tags":[],"class_list":["post-16473","post","type-post","status-publish","format-standard","has-post-thumbnail","hentry","category-francais","category-livros","category-risco-e-perdas","category-seguranca-publica-e-defesa","category-download"],"views":170,"_links":{"self":[{"href":"https:\/\/www.bibliotecadeseguranca.com.br\/fr\/wp-json\/wp\/v2\/posts\/16473","targetHints":{"allow":["GET"]}}],"collection":[{"href":"https:\/\/www.bibliotecadeseguranca.com.br\/fr\/wp-json\/wp\/v2\/posts"}],"about":[{"href":"https:\/\/www.bibliotecadeseguranca.com.br\/fr\/wp-json\/wp\/v2\/types\/post"}],"author":[{"embeddable":true,"href":"https:\/\/www.bibliotecadeseguranca.com.br\/fr\/wp-json\/wp\/v2\/users\/3"}],"replies":[{"embeddable":true,"href":"https:\/\/www.bibliotecadeseguranca.com.br\/fr\/wp-json\/wp\/v2\/comments?post=16473"}],"version-history":[{"count":1,"href":"https:\/\/www.bibliotecadeseguranca.com.br\/fr\/wp-json\/wp\/v2\/posts\/16473\/revisions"}],"predecessor-version":[{"id":16475,"href":"https:\/\/www.bibliotecadeseguranca.com.br\/fr\/wp-json\/wp\/v2\/posts\/16473\/revisions\/16475"}],"wp:featuredmedia":[{"embeddable":true,"href":"https:\/\/www.bibliotecadeseguranca.com.br\/fr\/wp-json\/wp\/v2\/media\/16474"}],"wp:attachment":[{"href":"https:\/\/www.bibliotecadeseguranca.com.br\/fr\/wp-json\/wp\/v2\/media?parent=16473"}],"wp:term":[{"taxonomy":"category","embeddable":true,"href":"https:\/\/www.bibliotecadeseguranca.com.br\/fr\/wp-json\/wp\/v2\/categories?post=16473"},{"taxonomy":"post_tag","embeddable":true,"href":"https:\/\/www.bibliotecadeseguranca.com.br\/fr\/wp-json\/wp\/v2\/tags?post=16473"}],"curies":[{"name":"wp","href":"https:\/\/api.w.org\/{rel}","templated":true}]}}