{"id":16462,"date":"2020-05-08T14:00:29","date_gmt":"2020-05-08T17:00:29","guid":{"rendered":"https:\/\/www.bibliotecadeseguranca.com.br\/fr\/?p=16462"},"modified":"2020-05-08T12:30:30","modified_gmt":"2020-05-08T15:30:30","slug":"seguridad-nacional-inteligencia-y-empresa-privada","status":"publish","type":"post","link":"https:\/\/www.bibliotecadeseguranca.com.br\/fr\/livros\/seguridad-nacional-inteligencia-y-empresa-privada\/","title":{"rendered":"Seguridad Nacional, Inteligencia y Empresa Privada"},"content":{"rendered":"<p><span style=\"color: #003366;\"><strong><img loading=\"lazy\" decoding=\"async\" class=\"alignleft size-full wp-image-16463\" src=\"https:\/\/www.bibliotecadeseguranca.com.br\/fr\/wp-content\/uploads\/2020\/05\/seguridad-nacional-inteligencia-y-empresa-privada.jpg\" alt=\"Seguridad Nacional, Inteligencia y Empresa Privada\" width=\"145\" height=\"221\" srcset=\"https:\/\/www.bibliotecadeseguranca.com.br\/fr\/wp-content\/uploads\/2020\/05\/seguridad-nacional-inteligencia-y-empresa-privada.jpg 145w, https:\/\/www.bibliotecadeseguranca.com.br\/fr\/wp-content\/uploads\/2020\/05\/seguridad-nacional-inteligencia-y-empresa-privada-98x150.jpg 98w\" sizes=\"auto, (max-width: 145px) 100vw, 145px\" \/>Ana Aba Catoira<\/strong><\/span><\/p>\n<p><span style=\"color: #003366;\"><strong>Maison d&#8217;\u00e9dition Andaviva<\/strong><\/span><\/p>\n<p><span style=\"color: #003366;\"><strong>R\u00e9sum\u00e9:<\/strong><\/span> Entre los aspectos jur\u00eddicos de los Servicios de Inteligencia en los Estados sociales y democr\u00e1ticos de Derecho, se han tratado ampliamente los temas del triple control de los servicios y el Secreto de Denfensa en perspectiva garant\u00edsta, habida cuenta de la opacidad consubstancia a esta funci\u00f3n. En el campo de la Inteligencia Corporativa se han incidido en el \u00e1mbito del espionaje industrial, pero resta profundizar sobre aspectos como las implicaciones de la Inteligencia Corporativa con cuestiones de Seguridad Nacional y el sector privado, diversos problemas jur\u00eddicos como el derecho de acceso y el marco de la cooperaci\u00f3n p\u00fablico-privada en el campo de la inteligencia.\u00cdNDICE.Introducci\u00f3n.I. Nuevo marco institucional de seguridad nacional y comunidad de inteligencia.II. Inteligencia corporativa y el sector empresarial privado.III. El derecho a la informaci\u00f3n.IV. Aspectos jur\u00eddico-mercantiles de la inteligencia corporativa.V. Cooperaci\u00f3n p\u00fablico-privada de la inteligencia corporativa.VI. Implicaciones para la seguridad nacionalVII. Conclusiones. Anexos.<\/p>\n","protected":false},"excerpt":{"rendered":"<p>Ana Aba Catoira Maison d&#8217;\u00e9dition Andaviva R\u00e9sum\u00e9: Entre los aspectos jur\u00eddicos de los Servicios de Inteligencia en los Estados sociales y democr\u00e1ticos de Derecho, se han tratado ampliamente los temas del triple control de los servicios y el Secreto de Denfensa en perspectiva garant\u00edsta, habida cuenta de la opacidad consubstancia a esta funci\u00f3n. En el campo de la Inteligencia Corporativa se han incidido en el \u00e1mbito del espionaje industrial, pero&hellip; <\/p>\n","protected":false},"author":3,"featured_media":16463,"comment_status":"open","ping_status":"closed","sticky":false,"template":"","format":"standard","meta":{"footnotes":""},"categories":[81,23,6,25],"tags":[],"class_list":["post-16462","post","type-post","status-publish","format-standard","has-post-thumbnail","hentry","category-espanol","category-gestao-da-seguranca-empresarial","category-livros","category-seguranca-publica-e-defesa"],"views":108,"_links":{"self":[{"href":"https:\/\/www.bibliotecadeseguranca.com.br\/fr\/wp-json\/wp\/v2\/posts\/16462","targetHints":{"allow":["GET"]}}],"collection":[{"href":"https:\/\/www.bibliotecadeseguranca.com.br\/fr\/wp-json\/wp\/v2\/posts"}],"about":[{"href":"https:\/\/www.bibliotecadeseguranca.com.br\/fr\/wp-json\/wp\/v2\/types\/post"}],"author":[{"embeddable":true,"href":"https:\/\/www.bibliotecadeseguranca.com.br\/fr\/wp-json\/wp\/v2\/users\/3"}],"replies":[{"embeddable":true,"href":"https:\/\/www.bibliotecadeseguranca.com.br\/fr\/wp-json\/wp\/v2\/comments?post=16462"}],"version-history":[{"count":1,"href":"https:\/\/www.bibliotecadeseguranca.com.br\/fr\/wp-json\/wp\/v2\/posts\/16462\/revisions"}],"predecessor-version":[{"id":16464,"href":"https:\/\/www.bibliotecadeseguranca.com.br\/fr\/wp-json\/wp\/v2\/posts\/16462\/revisions\/16464"}],"wp:featuredmedia":[{"embeddable":true,"href":"https:\/\/www.bibliotecadeseguranca.com.br\/fr\/wp-json\/wp\/v2\/media\/16463"}],"wp:attachment":[{"href":"https:\/\/www.bibliotecadeseguranca.com.br\/fr\/wp-json\/wp\/v2\/media?parent=16462"}],"wp:term":[{"taxonomy":"category","embeddable":true,"href":"https:\/\/www.bibliotecadeseguranca.com.br\/fr\/wp-json\/wp\/v2\/categories?post=16462"},{"taxonomy":"post_tag","embeddable":true,"href":"https:\/\/www.bibliotecadeseguranca.com.br\/fr\/wp-json\/wp\/v2\/tags?post=16462"}],"curies":[{"name":"wp","href":"https:\/\/api.w.org\/{rel}","templated":true}]}}