{"id":16424,"date":"2020-04-21T14:00:55","date_gmt":"2020-04-21T17:00:55","guid":{"rendered":"https:\/\/www.bibliotecadeseguranca.com.br\/fr\/?p=16424"},"modified":"2020-04-21T12:40:53","modified_gmt":"2020-04-21T15:40:53","slug":"missao-da-seguranca-empresarial-e-os-doze-principios","status":"publish","type":"post","link":"https:\/\/www.bibliotecadeseguranca.com.br\/fr\/livros\/missao-da-seguranca-empresarial-e-os-doze-principios\/","title":{"rendered":"Miss\u00e3o da Seguran\u00e7a Empresarial e os Doze Princ\u00edpios"},"content":{"rendered":"<p><span style=\"color: #003366;\"><strong><img loading=\"lazy\" decoding=\"async\" class=\"alignleft size-full wp-image-16425\" src=\"https:\/\/www.bibliotecadeseguranca.com.br\/fr\/wp-content\/uploads\/2020\/04\/missao-da-seguranca-empresarial-e-os-doze-principios.jpg\" alt=\"Miss\u00e3o da Seguran\u00e7a Empresarial e os Doze Princ\u00edpios\" width=\"145\" height=\"233\" srcset=\"https:\/\/www.bibliotecadeseguranca.com.br\/fr\/wp-content\/uploads\/2020\/04\/missao-da-seguranca-empresarial-e-os-doze-principios.jpg 145w, https:\/\/www.bibliotecadeseguranca.com.br\/fr\/wp-content\/uploads\/2020\/04\/missao-da-seguranca-empresarial-e-os-doze-principios-93x150.jpg 93w\" sizes=\"auto, (max-width: 145px) 100vw, 145px\" \/>Adelino Lima<\/strong><\/span><\/p>\n<p><span style=\"color: #003366;\"><strong>R\u00e9sum\u00e9:<\/strong><\/span> Este E-book \u00e9 destinado aos colaboradores que j\u00e1 s\u00e3o ou almejam se tornar um Gestor de Seguran\u00e7a Privada, e que tamb\u00e9m possam estar cursando ou ainda ir\u00e3o cursar o Curso de Gest\u00e3o de Seguran\u00e7a Privada.<br \/>\nPois aqui voc\u00ea encontrar\u00e1 v\u00e1rias informa\u00e7\u00f5es que n\u00e3o est\u00e3o em apenas um \u00fanico Livro.<\/p>\n","protected":false},"excerpt":{"rendered":"<p>Adelino Lima R\u00e9sum\u00e9: Este E-book \u00e9 destinado aos colaboradores que j\u00e1 s\u00e3o ou almejam se tornar um Gestor de Seguran\u00e7a Privada, e que tamb\u00e9m possam estar cursando ou ainda ir\u00e3o cursar o Curso de Gest\u00e3o de Seguran\u00e7a Privada. Pois aqui voc\u00ea encontrar\u00e1 v\u00e1rias informa\u00e7\u00f5es que n\u00e3o est\u00e3o em apenas um \u00fanico Livro.<\/p>\n","protected":false},"author":3,"featured_media":16425,"comment_status":"open","ping_status":"closed","sticky":false,"template":"","format":"standard","meta":{"footnotes":""},"categories":[23,6],"tags":[],"class_list":["post-16424","post","type-post","status-publish","format-standard","has-post-thumbnail","hentry","category-gestao-da-seguranca-empresarial","category-livros"],"views":99,"_links":{"self":[{"href":"https:\/\/www.bibliotecadeseguranca.com.br\/fr\/wp-json\/wp\/v2\/posts\/16424","targetHints":{"allow":["GET"]}}],"collection":[{"href":"https:\/\/www.bibliotecadeseguranca.com.br\/fr\/wp-json\/wp\/v2\/posts"}],"about":[{"href":"https:\/\/www.bibliotecadeseguranca.com.br\/fr\/wp-json\/wp\/v2\/types\/post"}],"author":[{"embeddable":true,"href":"https:\/\/www.bibliotecadeseguranca.com.br\/fr\/wp-json\/wp\/v2\/users\/3"}],"replies":[{"embeddable":true,"href":"https:\/\/www.bibliotecadeseguranca.com.br\/fr\/wp-json\/wp\/v2\/comments?post=16424"}],"version-history":[{"count":1,"href":"https:\/\/www.bibliotecadeseguranca.com.br\/fr\/wp-json\/wp\/v2\/posts\/16424\/revisions"}],"predecessor-version":[{"id":16426,"href":"https:\/\/www.bibliotecadeseguranca.com.br\/fr\/wp-json\/wp\/v2\/posts\/16424\/revisions\/16426"}],"wp:featuredmedia":[{"embeddable":true,"href":"https:\/\/www.bibliotecadeseguranca.com.br\/fr\/wp-json\/wp\/v2\/media\/16425"}],"wp:attachment":[{"href":"https:\/\/www.bibliotecadeseguranca.com.br\/fr\/wp-json\/wp\/v2\/media?parent=16424"}],"wp:term":[{"taxonomy":"category","embeddable":true,"href":"https:\/\/www.bibliotecadeseguranca.com.br\/fr\/wp-json\/wp\/v2\/categories?post=16424"},{"taxonomy":"post_tag","embeddable":true,"href":"https:\/\/www.bibliotecadeseguranca.com.br\/fr\/wp-json\/wp\/v2\/tags?post=16424"}],"curies":[{"name":"wp","href":"https:\/\/api.w.org\/{rel}","templated":true}]}}