{"id":16355,"date":"2020-03-23T14:00:09","date_gmt":"2020-03-23T17:00:09","guid":{"rendered":"https:\/\/www.bibliotecadeseguranca.com.br\/fr\/?p=16355"},"modified":"2020-03-23T13:48:50","modified_gmt":"2020-03-23T16:48:50","slug":"guia-basico-de-orientacoes-ao-gestor-em-seguranca-da-informacao-e-comunicacoes","status":"publish","type":"post","link":"https:\/\/www.bibliotecadeseguranca.com.br\/fr\/livros\/guia-basico-de-orientacoes-ao-gestor-em-seguranca-da-informacao-e-comunicacoes\/","title":{"rendered":"Guia B\u00e1sico de Orienta\u00e7\u00f5es ao Gestor em Seguran\u00e7a da Informa\u00e7\u00e3o e Comunica\u00e7\u00f5es"},"content":{"rendered":"<p><span style=\"color: #003366;\"><strong><img loading=\"lazy\" decoding=\"async\" class=\"alignleft size-full wp-image-16356\" src=\"https:\/\/www.bibliotecadeseguranca.com.br\/fr\/wp-content\/uploads\/2020\/03\/guia-basico-de-orientacoes-ao-gestor-em-seguranca-da-informacao-e-comunicacoes.jpg\" alt=\"Guia B\u00e1sico de Orienta\u00e7\u00f5es ao Gestor em Seguran\u00e7a da Informa\u00e7\u00e3o e Comunica\u00e7\u00f5es\" width=\"145\" height=\"205\" srcset=\"https:\/\/www.bibliotecadeseguranca.com.br\/fr\/wp-content\/uploads\/2020\/03\/guia-basico-de-orientacoes-ao-gestor-em-seguranca-da-informacao-e-comunicacoes.jpg 145w, https:\/\/www.bibliotecadeseguranca.com.br\/fr\/wp-content\/uploads\/2020\/03\/guia-basico-de-orientacoes-ao-gestor-em-seguranca-da-informacao-e-comunicacoes-106x150.jpg 106w\" sizes=\"auto, (max-width: 145px) 100vw, 145px\" \/>Presid\u00eancia da Rep\u00fablica<\/strong><\/span><\/p>\n<p><span style=\"color: #003366;\"><strong>R\u00e9sum\u00e9:<\/strong><\/span> As informa\u00e7\u00f5es tratadas no \u00e2mbito da Administra\u00e7\u00e3o P\u00fablica Federal, direta e indireta, s\u00e3o ativos valiosos para a eficiente presta\u00e7\u00e3o dos servi\u00e7os p\u00fablicos. Consequentemente, como ativo valioso e estrat\u00e9gico, a informa\u00e7\u00e3o deve ser adequadamente tratada, armazenada e protegida.<br \/>\nNesse contexto, o Guia B\u00e1sico de Orienta\u00e7\u00f5es ao Gestor em Seguran\u00e7a da Informa\u00e7\u00e3o e Comunica\u00e7\u00f5es foi elaborado com o prop\u00f3sito de oferecer ao leitor orienta\u00e7\u00f5es e dicas referentes \u00e0 implementa\u00e7\u00e3o das a\u00e7\u00f5es de seguran\u00e7a da informa\u00e7\u00e3o nas organiza\u00e7\u00f5es p\u00fablicas federais.<br \/>\nAs diretrizes e metas relacionadas ao tema Seguran\u00e7a da Informa\u00e7\u00e3o e Comunica\u00e7\u00f5es (SIC) no planejamento estrat\u00e9gico de cada \u00f3rg\u00e3o e entidade da Administra\u00e7\u00e3o P\u00fablica Federal (APF), com o objetivo de promover e motivar a cria\u00e7\u00e3o de uma cultura de seguran\u00e7a da informa\u00e7\u00e3o, bem como implementar e manter os controles de seguran\u00e7a adequados devem fazer parte da agenda estrat\u00e9gica do Estado brasileiro.<br \/>\nA informa\u00e7\u00e3o tornou-se um recurso crescente e de fundamental Import\u00e2ncia na execu\u00e7\u00e3o das atividades do governo brasileiro. Neste sentido, a informa\u00e7\u00e3o e o conhecimento sobre quest\u00f5es relativas \u00e0 SIC s\u00e3o fatores determinantes para a efici\u00eancia da gest\u00e3o dos \u00f3rg\u00e3os e entidades da APF.<\/p>\n<p><a href=\"https:\/\/www.bibliotecadeseguranca.com.br\/wp-content\/uploads\/2020\/03\/guia-basico-de-orientacoes-ao-gestor-em-seguranca-da-informacao-e-comunicacoes.pdf\" target=\"_blank\" rel=\"noopener\"><img loading=\"lazy\" decoding=\"async\" class=\"alignleft wp-image-12143 size-full\" src=\"https:\/\/www.bibliotecadeseguranca.com.br\/fr\/wp-content\/uploads\/2015\/03\/download_fr.gif\" alt=\"T\u00e9l\u00e9charger\" width=\"107\" height=\"25\" \/><\/a><\/p>\n","protected":false},"excerpt":{"rendered":"<p>Presid\u00eancia da Rep\u00fablica R\u00e9sum\u00e9: As informa\u00e7\u00f5es tratadas no \u00e2mbito da Administra\u00e7\u00e3o P\u00fablica Federal, direta e indireta, s\u00e3o ativos valiosos para a eficiente presta\u00e7\u00e3o dos servi\u00e7os p\u00fablicos. Consequentemente, como ativo valioso e estrat\u00e9gico, a informa\u00e7\u00e3o deve ser adequadamente tratada, armazenada e protegida. Nesse contexto, o Guia B\u00e1sico de Orienta\u00e7\u00f5es ao Gestor em Seguran\u00e7a da Informa\u00e7\u00e3o e Comunica\u00e7\u00f5es foi elaborado com o prop\u00f3sito de oferecer ao leitor orienta\u00e7\u00f5es e dicas referentes \u00e0&hellip; <\/p>\n","protected":false},"author":3,"featured_media":16356,"comment_status":"open","ping_status":"closed","sticky":false,"template":"","format":"standard","meta":{"footnotes":""},"categories":[6,20,112],"tags":[],"class_list":["post-16355","post","type-post","status-publish","format-standard","has-post-thumbnail","hentry","category-livros","category-seguranca-da-informacao","category-download"],"views":119,"_links":{"self":[{"href":"https:\/\/www.bibliotecadeseguranca.com.br\/fr\/wp-json\/wp\/v2\/posts\/16355","targetHints":{"allow":["GET"]}}],"collection":[{"href":"https:\/\/www.bibliotecadeseguranca.com.br\/fr\/wp-json\/wp\/v2\/posts"}],"about":[{"href":"https:\/\/www.bibliotecadeseguranca.com.br\/fr\/wp-json\/wp\/v2\/types\/post"}],"author":[{"embeddable":true,"href":"https:\/\/www.bibliotecadeseguranca.com.br\/fr\/wp-json\/wp\/v2\/users\/3"}],"replies":[{"embeddable":true,"href":"https:\/\/www.bibliotecadeseguranca.com.br\/fr\/wp-json\/wp\/v2\/comments?post=16355"}],"version-history":[{"count":1,"href":"https:\/\/www.bibliotecadeseguranca.com.br\/fr\/wp-json\/wp\/v2\/posts\/16355\/revisions"}],"predecessor-version":[{"id":16357,"href":"https:\/\/www.bibliotecadeseguranca.com.br\/fr\/wp-json\/wp\/v2\/posts\/16355\/revisions\/16357"}],"wp:featuredmedia":[{"embeddable":true,"href":"https:\/\/www.bibliotecadeseguranca.com.br\/fr\/wp-json\/wp\/v2\/media\/16356"}],"wp:attachment":[{"href":"https:\/\/www.bibliotecadeseguranca.com.br\/fr\/wp-json\/wp\/v2\/media?parent=16355"}],"wp:term":[{"taxonomy":"category","embeddable":true,"href":"https:\/\/www.bibliotecadeseguranca.com.br\/fr\/wp-json\/wp\/v2\/categories?post=16355"},{"taxonomy":"post_tag","embeddable":true,"href":"https:\/\/www.bibliotecadeseguranca.com.br\/fr\/wp-json\/wp\/v2\/tags?post=16355"}],"curies":[{"name":"wp","href":"https:\/\/api.w.org\/{rel}","templated":true}]}}