{"id":16332,"date":"2020-03-13T14:00:15","date_gmt":"2020-03-13T17:00:15","guid":{"rendered":"https:\/\/www.bibliotecadeseguranca.com.br\/fr\/?p=16332"},"modified":"2020-03-13T12:59:15","modified_gmt":"2020-03-13T15:59:15","slug":"policia-vivencias-desde-la-transicion-a-sudamerica-pasando-por-pais-vasco-y-expo-92","status":"publish","type":"post","link":"https:\/\/www.bibliotecadeseguranca.com.br\/fr\/livros\/policia-vivencias-desde-la-transicion-a-sudamerica-pasando-por-pais-vasco-y-expo-92\/","title":{"rendered":"Policia: Vivencias desde la Transicion a Sudamerica, pasando por pais Vasco y Expo 92"},"content":{"rendered":"<p><span style=\"color: #003366;\"><strong><img loading=\"lazy\" decoding=\"async\" class=\"alignleft size-full wp-image-16333\" src=\"https:\/\/www.bibliotecadeseguranca.com.br\/fr\/wp-content\/uploads\/2020\/03\/policia-vivencias-desde-la-transicion-a-sudamerica-pasando-por-pais-vasco-y-expo-92.jpg\" alt=\"Policia: Vivencias desde la Transicion a Sudamerica, pasando por pais Vasco y Expo 92\" width=\"145\" height=\"218\" srcset=\"https:\/\/www.bibliotecadeseguranca.com.br\/fr\/wp-content\/uploads\/2020\/03\/policia-vivencias-desde-la-transicion-a-sudamerica-pasando-por-pais-vasco-y-expo-92.jpg 145w, https:\/\/www.bibliotecadeseguranca.com.br\/fr\/wp-content\/uploads\/2020\/03\/policia-vivencias-desde-la-transicion-a-sudamerica-pasando-por-pais-vasco-y-expo-92-100x150.jpg 100w\" sizes=\"auto, (max-width: 145px) 100vw, 145px\" \/>Andres Diaz Mu\u00f1oz<\/strong><\/span><\/p>\n<p><span style=\"color: #003366;\"><strong>Maison d&#8217;\u00e9dition Caligrama<\/strong><\/span><\/p>\n<p><span style=\"color: #003366;\"><strong>R\u00e9sum\u00e9:<\/strong><\/span> La obra narra las vivencias y an\u00e9cdotas profesionales del autor del libro, con una trayectoria profesional cercana al medio siglo. Inicia su cr\u00f3nica desde su ingreso en la corporaci\u00f3n, contin\u00faa con la transici\u00f3n pol\u00edtica espa\u00f1ola y, a lo largo de la narraci\u00f3n, da cuenta de sus vivencias y an\u00e9cdotas. Desde cinco a\u00f1os antes de la Exposici\u00f3n Universal de Sevilla y hasta doce d\u00edas antes de su conclusi\u00f3n, ostent\u00f3 el cargo de responsable de los servicios de Informaci\u00f3n de la Polic\u00eda, donde ces\u00f3 a petici\u00f3n propia.<br \/>\nSiendo Comisario Principal de la Polic\u00eda, ocup\u00f3 el cargo de Agregado de Interior en Bolivia, que ejerci\u00f3 durante cerca de siete a\u00f1os, bajo el paraguas de diplom\u00e1tico. El ejercicio de su trabajo en Iberoam\u00e9rica le dio a conocer aspectos curiosos de las polic\u00edas de aquellos pa\u00edses, as\u00ed como vivir directamente los conflictos que se originaron hasta la llegada de Evo Morales.<br \/>\nUn libro escrito con un lenguaje coloquial y desenfadado que resulta ameno y curioso para el lector.<\/p>\n","protected":false},"excerpt":{"rendered":"<p>Andres Diaz Mu\u00f1oz Maison d&#8217;\u00e9dition Caligrama R\u00e9sum\u00e9: La obra narra las vivencias y an\u00e9cdotas profesionales del autor del libro, con una trayectoria profesional cercana al medio siglo. Inicia su cr\u00f3nica desde su ingreso en la corporaci\u00f3n, contin\u00faa con la transici\u00f3n pol\u00edtica espa\u00f1ola y, a lo largo de la narraci\u00f3n, da cuenta de sus vivencias y an\u00e9cdotas. Desde cinco a\u00f1os antes de la Exposici\u00f3n Universal de Sevilla y hasta doce d\u00edas&hellip; <\/p>\n","protected":false},"author":3,"featured_media":16333,"comment_status":"open","ping_status":"closed","sticky":false,"template":"","format":"standard","meta":{"footnotes":""},"categories":[81,6,25],"tags":[],"class_list":["post-16332","post","type-post","status-publish","format-standard","has-post-thumbnail","hentry","category-espanol","category-livros","category-seguranca-publica-e-defesa"],"views":106,"_links":{"self":[{"href":"https:\/\/www.bibliotecadeseguranca.com.br\/fr\/wp-json\/wp\/v2\/posts\/16332","targetHints":{"allow":["GET"]}}],"collection":[{"href":"https:\/\/www.bibliotecadeseguranca.com.br\/fr\/wp-json\/wp\/v2\/posts"}],"about":[{"href":"https:\/\/www.bibliotecadeseguranca.com.br\/fr\/wp-json\/wp\/v2\/types\/post"}],"author":[{"embeddable":true,"href":"https:\/\/www.bibliotecadeseguranca.com.br\/fr\/wp-json\/wp\/v2\/users\/3"}],"replies":[{"embeddable":true,"href":"https:\/\/www.bibliotecadeseguranca.com.br\/fr\/wp-json\/wp\/v2\/comments?post=16332"}],"version-history":[{"count":1,"href":"https:\/\/www.bibliotecadeseguranca.com.br\/fr\/wp-json\/wp\/v2\/posts\/16332\/revisions"}],"predecessor-version":[{"id":16334,"href":"https:\/\/www.bibliotecadeseguranca.com.br\/fr\/wp-json\/wp\/v2\/posts\/16332\/revisions\/16334"}],"wp:featuredmedia":[{"embeddable":true,"href":"https:\/\/www.bibliotecadeseguranca.com.br\/fr\/wp-json\/wp\/v2\/media\/16333"}],"wp:attachment":[{"href":"https:\/\/www.bibliotecadeseguranca.com.br\/fr\/wp-json\/wp\/v2\/media?parent=16332"}],"wp:term":[{"taxonomy":"category","embeddable":true,"href":"https:\/\/www.bibliotecadeseguranca.com.br\/fr\/wp-json\/wp\/v2\/categories?post=16332"},{"taxonomy":"post_tag","embeddable":true,"href":"https:\/\/www.bibliotecadeseguranca.com.br\/fr\/wp-json\/wp\/v2\/tags?post=16332"}],"curies":[{"name":"wp","href":"https:\/\/api.w.org\/{rel}","templated":true}]}}