{"id":16322,"date":"2020-03-09T14:00:19","date_gmt":"2020-03-09T17:00:19","guid":{"rendered":"https:\/\/www.bibliotecadeseguranca.com.br\/fr\/?p=16322"},"modified":"2020-03-09T11:27:54","modified_gmt":"2020-03-09T14:27:54","slug":"guarda-municipal-uma-questao-de-seguranca-publica","status":"publish","type":"post","link":"https:\/\/www.bibliotecadeseguranca.com.br\/fr\/livros\/guarda-municipal-uma-questao-de-seguranca-publica\/","title":{"rendered":"Guarda Municipal: Uma quest\u00e3o de Seguran\u00e7a P\u00fablica"},"content":{"rendered":"<p><span style=\"color: #003366;\"><strong><img loading=\"lazy\" decoding=\"async\" class=\"alignleft size-full wp-image-16323\" src=\"https:\/\/www.bibliotecadeseguranca.com.br\/fr\/wp-content\/uploads\/2020\/03\/guarda-municipal-uma-questao-de-seguranca-publica.jpg\" alt=\"Guarda Municipal: Uma quest\u00e3o de Seguran\u00e7a P\u00fablica\" width=\"145\" height=\"216\" srcset=\"https:\/\/www.bibliotecadeseguranca.com.br\/fr\/wp-content\/uploads\/2020\/03\/guarda-municipal-uma-questao-de-seguranca-publica.jpg 145w, https:\/\/www.bibliotecadeseguranca.com.br\/fr\/wp-content\/uploads\/2020\/03\/guarda-municipal-uma-questao-de-seguranca-publica-101x150.jpg 101w\" sizes=\"auto, (max-width: 145px) 100vw, 145px\" \/>Reginaldo Nascimento da Costa<\/strong><\/span><\/p>\n<p><span style=\"color: #003366;\"><strong>Maison d&#8217;\u00e9dition Bonecker<\/strong><\/span><\/p>\n<p><span style=\"color: #003366;\"><strong>R\u00e9sum\u00e9:<\/strong><\/span> A obra traz uma abordagem sobre as Pol\u00edticas P\u00fablicas de Seguran\u00e7a que t\u00eam sido tema recorrente na contemporaneidade. Em se tratando desta tem\u00e1tica no \u00e2mbito municipal, tem sido agu\u00e7ado cada vez mais interesse de discuss\u00f5es e pesquisas nessa \u00e1rea a fim de compreender os fen\u00f4menos sociais que lhes s\u00e3o intr\u00ednsecos, como a viol\u00eancia, a criminalidade, a (in)seguran\u00e7a e suas transforma\u00e7\u00f5es ao longo da hist\u00f3ria. Nesse bojo, o autor apresenta o contexto hist\u00f3rico da Guarda Municipal em rela\u00e7\u00e3o a Seguran\u00e7a P\u00fablica, consistindo em um breve hist\u00f3rico do surgimento do conceito de Seguran\u00e7a P\u00fablica no Brasil; como se deu a implanta\u00e7\u00e3o da Guarda Municipal de Maracana\u00fa e suas principais a\u00e7\u00f5es preventivas e sociais realizadas em rela\u00e7\u00e3o \u00e0 seguran\u00e7a p\u00fablica. O tema abordado nos remete a princ\u00edpio a compreender conceitos adotados por autores que estudam a tem\u00e1tica, como Seguran\u00e7a P\u00fablica, Poder de Pol\u00edcia, Policiamento Comunit\u00e1rio e Guarda Municipal. Por fim, desejamos que esta obra contribua com as pesquisas nesta \u00e1rea e com a melhoria da implementa\u00e7\u00e3o das Pol\u00edticas P\u00fablicas de Seguran\u00e7a.<\/p>\n","protected":false},"excerpt":{"rendered":"<p>Reginaldo Nascimento da Costa Maison d&#8217;\u00e9dition Bonecker R\u00e9sum\u00e9: A obra traz uma abordagem sobre as Pol\u00edticas P\u00fablicas de Seguran\u00e7a que t\u00eam sido tema recorrente na contemporaneidade. Em se tratando desta tem\u00e1tica no \u00e2mbito municipal, tem sido agu\u00e7ado cada vez mais interesse de discuss\u00f5es e pesquisas nessa \u00e1rea a fim de compreender os fen\u00f4menos sociais que lhes s\u00e3o intr\u00ednsecos, como a viol\u00eancia, a criminalidade, a (in)seguran\u00e7a e suas transforma\u00e7\u00f5es ao longo&hellip; <\/p>\n","protected":false},"author":3,"featured_media":16323,"comment_status":"open","ping_status":"closed","sticky":false,"template":"","format":"standard","meta":{"footnotes":""},"categories":[6,25],"tags":[],"class_list":["post-16322","post","type-post","status-publish","format-standard","has-post-thumbnail","hentry","category-livros","category-seguranca-publica-e-defesa"],"views":98,"_links":{"self":[{"href":"https:\/\/www.bibliotecadeseguranca.com.br\/fr\/wp-json\/wp\/v2\/posts\/16322","targetHints":{"allow":["GET"]}}],"collection":[{"href":"https:\/\/www.bibliotecadeseguranca.com.br\/fr\/wp-json\/wp\/v2\/posts"}],"about":[{"href":"https:\/\/www.bibliotecadeseguranca.com.br\/fr\/wp-json\/wp\/v2\/types\/post"}],"author":[{"embeddable":true,"href":"https:\/\/www.bibliotecadeseguranca.com.br\/fr\/wp-json\/wp\/v2\/users\/3"}],"replies":[{"embeddable":true,"href":"https:\/\/www.bibliotecadeseguranca.com.br\/fr\/wp-json\/wp\/v2\/comments?post=16322"}],"version-history":[{"count":1,"href":"https:\/\/www.bibliotecadeseguranca.com.br\/fr\/wp-json\/wp\/v2\/posts\/16322\/revisions"}],"predecessor-version":[{"id":16324,"href":"https:\/\/www.bibliotecadeseguranca.com.br\/fr\/wp-json\/wp\/v2\/posts\/16322\/revisions\/16324"}],"wp:featuredmedia":[{"embeddable":true,"href":"https:\/\/www.bibliotecadeseguranca.com.br\/fr\/wp-json\/wp\/v2\/media\/16323"}],"wp:attachment":[{"href":"https:\/\/www.bibliotecadeseguranca.com.br\/fr\/wp-json\/wp\/v2\/media?parent=16322"}],"wp:term":[{"taxonomy":"category","embeddable":true,"href":"https:\/\/www.bibliotecadeseguranca.com.br\/fr\/wp-json\/wp\/v2\/categories?post=16322"},{"taxonomy":"post_tag","embeddable":true,"href":"https:\/\/www.bibliotecadeseguranca.com.br\/fr\/wp-json\/wp\/v2\/tags?post=16322"}],"curies":[{"name":"wp","href":"https:\/\/api.w.org\/{rel}","templated":true}]}}