{"id":16297,"date":"2020-02-26T14:00:36","date_gmt":"2020-02-26T17:00:36","guid":{"rendered":"https:\/\/www.bibliotecadeseguranca.com.br\/fr\/?p=16297"},"modified":"2020-02-26T12:44:39","modified_gmt":"2020-02-26T15:44:39","slug":"estudo-de-percepcao-do-risco-cibernetico-na-america-latina-2019","status":"publish","type":"post","link":"https:\/\/www.bibliotecadeseguranca.com.br\/fr\/livros\/estudo-de-percepcao-do-risco-cibernetico-na-america-latina-2019\/","title":{"rendered":"Estudo de Percep\u00e7\u00e3o do Risco Cibern\u00e9tico na Am\u00e9rica Latina 2019"},"content":{"rendered":"<p><span style=\"color: #003366;\"><strong><img loading=\"lazy\" decoding=\"async\" class=\"alignleft size-full wp-image-16298\" src=\"https:\/\/www.bibliotecadeseguranca.com.br\/fr\/wp-content\/uploads\/2020\/02\/estudo-de-percepcao-do-risco-cibernetico-na-america-latina-2019.jpg\" alt=\"Estudo de Percep\u00e7\u00e3o do Risco Cibern\u00e9tico na Am\u00e9rica Latina 2019\" width=\"145\" height=\"189\" srcset=\"https:\/\/www.bibliotecadeseguranca.com.br\/fr\/wp-content\/uploads\/2020\/02\/estudo-de-percepcao-do-risco-cibernetico-na-america-latina-2019.jpg 145w, https:\/\/www.bibliotecadeseguranca.com.br\/fr\/wp-content\/uploads\/2020\/02\/estudo-de-percepcao-do-risco-cibernetico-na-america-latina-2019-115x150.jpg 115w\" sizes=\"auto, (max-width: 145px) 100vw, 145px\" \/>Marsh &amp; McLennan Companies, Microsoft<\/strong><\/span><\/p>\n<p><span style=\"color: #003366;\"><strong>Resum\u00e9:<\/strong><\/span> A tecnologia est\u00e1 transformando drasticamente os ambientes de neg\u00f3cios a n\u00edvel global, com avan\u00e7os cont\u00ednuos em \u00e1reas que v\u00e3o desde intelig\u00eancia artificial e Internet das Coisas (IoT) at\u00e9 a disponibilidade sobre dados e blockchain. A velocidade com que as tecnologias digitais evoluem e rompem com os modelos tradicionais de neg\u00f3cios segue aumentando. Enquanto isso, os riscos cibern\u00e9ticos parecem evoluir ainda mais r\u00e1pido.<br \/>\nO risco cibern\u00e9tico passou de preocupa\u00e7\u00e3o com roubo de dados e privacidade a esquemas mais sofisticados que podem interromper opera\u00e7\u00f5es nas empresas, ind\u00fastrias, cadeias de suprimento e na\u00e7\u00f5es, custando bilh\u00f5es de d\u00f3lares \u00e0 economia nos mais diversos setores. A dura realidade que as organiza\u00e7\u00f5es devem enfrentar \u00e9 que o ciberrisco n\u00e3o pode ser eliminado. Portanto, ele deve ser gerenciado por meio de algumas a\u00e7\u00f5es, como identifica\u00e7\u00e3o, mitiga\u00e7\u00e3o e transfer\u00eancia.<br \/>\nO Global Cyber Risk Perception Survey Marsh-Microsoft 2019 investiga as percep\u00e7\u00f5es de ciberriscos e gest\u00e3o de riscos em empresas de todo o mundo. A an\u00e1lise sobre a Am\u00e9rica Latina e o Brasil (partes da pesquisa global) reflete o status das percep\u00e7\u00f5es sobre o risco cibern\u00e9tico e seu gerenciamento nas organiza\u00e7\u00f5es de nossa regi\u00e3o, especialmente nesse contexto de um ambiente de neg\u00f3cios em r\u00e1pida transforma\u00e7\u00e3o. Nossas descobertas se concentram em cinco conceitos importantes que destacam o estado do risco cibern\u00e9tico no cen\u00e1rio empresarial atual.<\/p>\n<p><a href=\"https:\/\/www.bibliotecadeseguranca.com.br\/wp-content\/uploads\/2020\/02\/estudo-de-percepcao-do-risco-cibernetico-na-america-latina-2019.pdf\" target=\"_blank\" rel=\"noopener\"><img loading=\"lazy\" decoding=\"async\" class=\"alignleft wp-image-12143 size-full\" src=\"https:\/\/www.bibliotecadeseguranca.com.br\/fr\/wp-content\/uploads\/2015\/03\/download_fr.gif\" alt=\"T\u00e9l\u00e9charger\" width=\"107\" height=\"25\" \/><\/a><\/p>\n","protected":false},"excerpt":{"rendered":"<p>Marsh &amp; McLennan Companies, Microsoft Resum\u00e9: A tecnologia est\u00e1 transformando drasticamente os ambientes de neg\u00f3cios a n\u00edvel global, com avan\u00e7os cont\u00ednuos em \u00e1reas que v\u00e3o desde intelig\u00eancia artificial e Internet das Coisas (IoT) at\u00e9 a disponibilidade sobre dados e blockchain. A velocidade com que as tecnologias digitais evoluem e rompem com os modelos tradicionais de neg\u00f3cios segue aumentando. Enquanto isso, os riscos cibern\u00e9ticos parecem evoluir ainda mais r\u00e1pido. O risco&hellip; <\/p>\n","protected":false},"author":3,"featured_media":16298,"comment_status":"open","ping_status":"closed","sticky":false,"template":"","format":"standard","meta":{"footnotes":""},"categories":[6,19,20,112],"tags":[],"class_list":["post-16297","post","type-post","status-publish","format-standard","has-post-thumbnail","hentry","category-livros","category-risco-e-perdas","category-seguranca-da-informacao","category-download"],"views":175,"_links":{"self":[{"href":"https:\/\/www.bibliotecadeseguranca.com.br\/fr\/wp-json\/wp\/v2\/posts\/16297","targetHints":{"allow":["GET"]}}],"collection":[{"href":"https:\/\/www.bibliotecadeseguranca.com.br\/fr\/wp-json\/wp\/v2\/posts"}],"about":[{"href":"https:\/\/www.bibliotecadeseguranca.com.br\/fr\/wp-json\/wp\/v2\/types\/post"}],"author":[{"embeddable":true,"href":"https:\/\/www.bibliotecadeseguranca.com.br\/fr\/wp-json\/wp\/v2\/users\/3"}],"replies":[{"embeddable":true,"href":"https:\/\/www.bibliotecadeseguranca.com.br\/fr\/wp-json\/wp\/v2\/comments?post=16297"}],"version-history":[{"count":1,"href":"https:\/\/www.bibliotecadeseguranca.com.br\/fr\/wp-json\/wp\/v2\/posts\/16297\/revisions"}],"predecessor-version":[{"id":16299,"href":"https:\/\/www.bibliotecadeseguranca.com.br\/fr\/wp-json\/wp\/v2\/posts\/16297\/revisions\/16299"}],"wp:featuredmedia":[{"embeddable":true,"href":"https:\/\/www.bibliotecadeseguranca.com.br\/fr\/wp-json\/wp\/v2\/media\/16298"}],"wp:attachment":[{"href":"https:\/\/www.bibliotecadeseguranca.com.br\/fr\/wp-json\/wp\/v2\/media?parent=16297"}],"wp:term":[{"taxonomy":"category","embeddable":true,"href":"https:\/\/www.bibliotecadeseguranca.com.br\/fr\/wp-json\/wp\/v2\/categories?post=16297"},{"taxonomy":"post_tag","embeddable":true,"href":"https:\/\/www.bibliotecadeseguranca.com.br\/fr\/wp-json\/wp\/v2\/tags?post=16297"}],"curies":[{"name":"wp","href":"https:\/\/api.w.org\/{rel}","templated":true}]}}