{"id":16268,"date":"2020-02-10T14:00:53","date_gmt":"2020-02-10T17:00:53","guid":{"rendered":"https:\/\/www.bibliotecadeseguranca.com.br\/fr\/?p=16268"},"modified":"2020-02-10T13:01:51","modified_gmt":"2020-02-10T16:01:51","slug":"seguranca-na-industria-debates-sobre-estrategia-e-gestao","status":"publish","type":"post","link":"https:\/\/www.bibliotecadeseguranca.com.br\/fr\/livros\/seguranca-na-industria-debates-sobre-estrategia-e-gestao\/","title":{"rendered":"Seguran\u00e7a na Ind\u00fastria &#8211; Debates sobre Estrat\u00e9gia e Gest\u00e3o"},"content":{"rendered":"<p><span style=\"color: #003366;\"><strong><img loading=\"lazy\" decoding=\"async\" class=\"alignleft size-full wp-image-16269\" src=\"https:\/\/www.bibliotecadeseguranca.com.br\/fr\/wp-content\/uploads\/2020\/02\/seguranca-na-industria-debates-sobre-estrategia-e-gestao.jpg\" alt=\"Seguran\u00e7a na Ind\u00fastria - Debates sobre Estrat\u00e9gia e Gest\u00e3o\" width=\"145\" height=\"221\" srcset=\"https:\/\/www.bibliotecadeseguranca.com.br\/fr\/wp-content\/uploads\/2020\/02\/seguranca-na-industria-debates-sobre-estrategia-e-gestao.jpg 145w, https:\/\/www.bibliotecadeseguranca.com.br\/fr\/wp-content\/uploads\/2020\/02\/seguranca-na-industria-debates-sobre-estrategia-e-gestao-98x150.jpg 98w\" sizes=\"auto, (max-width: 145px) 100vw, 145px\" \/>Federa\u00e7\u00e3o das Ind\u00fastrias do Estado de S\u00e3o Paulo (Fiesp)<\/strong><\/span><br \/>\n<span style=\"color: #003366;\"><strong>Centro das Ind\u00fastrias do Estado de S\u00e3o Paulo (Ciesp)<\/strong><\/span><\/p>\n<p><span style=\"color: #003366;\"><strong>R\u00e9sum\u00e9:<\/strong><\/span> Em um momento cr\u00edtico e decisivo, como \u00e9 o de crise econ\u00f4mica e pol\u00edtica pelo qual passa nosso pa\u00eds, a supera\u00e7\u00e3o depende de esfor\u00e7os que v\u00e3o al\u00e9m da produ\u00e7\u00e3o e da comercializa\u00e7\u00e3o de seus produtos. O foco volta-se \u00e0 diminui\u00e7\u00e3o das perdas, uma vez que isso permite a maximiza\u00e7\u00e3o dos lucros, fundamentais ao aumento da competitividade e \u00e0 consequente continuidade da Ind\u00fastria.<\/p>\n<p>J\u00e1 houve, por parte das ind\u00fastrias, uma mobiliza\u00e7\u00e3o no sentido de diminuir custos e gastos, resta ainda trabalhar para a diminui\u00e7\u00e3o das perdas ligadas aos furtos, desvios e roubos, \u00e0s fraudes, ao contrabando\/descaminho e \u00e0 pirataria (contrafa\u00e7\u00e3o\/ falsifica\u00e7\u00e3o); tal esfor\u00e7o encontra certa resist\u00eancia por exigir a revis\u00e3o de processos.<\/p>\n<p>Tendo este cen\u00e1rio em vista, a Federa\u00e7\u00e3o das Ind\u00fastrias do Estado de S\u00e3o Paulo (Fiesp) promoveu \u2013 em parceria com a Associa\u00e7\u00e3o Brasileira dos Profissionais de Seguran\u00e7a (Abseg) \u2013 o Congresso de Seguran\u00e7a na Ind\u00fastria.<\/p>\n<p><a href=\"https:\/\/www.bibliotecadeseguranca.com.br\/wp-content\/uploads\/2020\/02\/seguranca-na-industria-debates-sobre-estrategia-e-gestao.pdf\" target=\"_blank\" rel=\"noopener\"><img loading=\"lazy\" decoding=\"async\" class=\"alignleft wp-image-12143 size-full\" src=\"https:\/\/www.bibliotecadeseguranca.com.br\/fr\/wp-content\/uploads\/2015\/03\/download_fr.gif\" alt=\"T\u00e9l\u00e9charger\" width=\"107\" height=\"25\" \/><\/a><\/p>\n","protected":false},"excerpt":{"rendered":"<p>Federa\u00e7\u00e3o das Ind\u00fastrias do Estado de S\u00e3o Paulo (Fiesp) Centro das Ind\u00fastrias do Estado de S\u00e3o Paulo (Ciesp) R\u00e9sum\u00e9: Em um momento cr\u00edtico e decisivo, como \u00e9 o de crise econ\u00f4mica e pol\u00edtica pelo qual passa nosso pa\u00eds, a supera\u00e7\u00e3o depende de esfor\u00e7os que v\u00e3o al\u00e9m da produ\u00e7\u00e3o e da comercializa\u00e7\u00e3o de seus produtos. O foco volta-se \u00e0 diminui\u00e7\u00e3o das perdas, uma vez que isso permite a maximiza\u00e7\u00e3o dos lucros,&hellip; <\/p>\n","protected":false},"author":3,"featured_media":16269,"comment_status":"open","ping_status":"closed","sticky":false,"template":"","format":"standard","meta":{"footnotes":""},"categories":[23,6],"tags":[],"class_list":["post-16268","post","type-post","status-publish","format-standard","has-post-thumbnail","hentry","category-gestao-da-seguranca-empresarial","category-livros"],"views":122,"_links":{"self":[{"href":"https:\/\/www.bibliotecadeseguranca.com.br\/fr\/wp-json\/wp\/v2\/posts\/16268","targetHints":{"allow":["GET"]}}],"collection":[{"href":"https:\/\/www.bibliotecadeseguranca.com.br\/fr\/wp-json\/wp\/v2\/posts"}],"about":[{"href":"https:\/\/www.bibliotecadeseguranca.com.br\/fr\/wp-json\/wp\/v2\/types\/post"}],"author":[{"embeddable":true,"href":"https:\/\/www.bibliotecadeseguranca.com.br\/fr\/wp-json\/wp\/v2\/users\/3"}],"replies":[{"embeddable":true,"href":"https:\/\/www.bibliotecadeseguranca.com.br\/fr\/wp-json\/wp\/v2\/comments?post=16268"}],"version-history":[{"count":1,"href":"https:\/\/www.bibliotecadeseguranca.com.br\/fr\/wp-json\/wp\/v2\/posts\/16268\/revisions"}],"predecessor-version":[{"id":16270,"href":"https:\/\/www.bibliotecadeseguranca.com.br\/fr\/wp-json\/wp\/v2\/posts\/16268\/revisions\/16270"}],"wp:featuredmedia":[{"embeddable":true,"href":"https:\/\/www.bibliotecadeseguranca.com.br\/fr\/wp-json\/wp\/v2\/media\/16269"}],"wp:attachment":[{"href":"https:\/\/www.bibliotecadeseguranca.com.br\/fr\/wp-json\/wp\/v2\/media?parent=16268"}],"wp:term":[{"taxonomy":"category","embeddable":true,"href":"https:\/\/www.bibliotecadeseguranca.com.br\/fr\/wp-json\/wp\/v2\/categories?post=16268"},{"taxonomy":"post_tag","embeddable":true,"href":"https:\/\/www.bibliotecadeseguranca.com.br\/fr\/wp-json\/wp\/v2\/tags?post=16268"}],"curies":[{"name":"wp","href":"https:\/\/api.w.org\/{rel}","templated":true}]}}