{"id":16182,"date":"2020-01-03T14:00:41","date_gmt":"2020-01-03T17:00:41","guid":{"rendered":"https:\/\/www.bibliotecadeseguranca.com.br\/fr\/?p=16182"},"modified":"2020-01-03T12:48:50","modified_gmt":"2020-01-03T15:48:50","slug":"seguranca-publica-os-desafios-da-pos-modernidade","status":"publish","type":"post","link":"https:\/\/www.bibliotecadeseguranca.com.br\/fr\/livros\/seguranca-publica-os-desafios-da-pos-modernidade\/","title":{"rendered":"Seguran\u00e7a P\u00fablica \u2013 Os Desafios da P\u00f3s-Modernidade"},"content":{"rendered":"<p><span style=\"color: #003366;\"><strong><img loading=\"lazy\" decoding=\"async\" class=\"alignleft size-full wp-image-16183\" src=\"https:\/\/www.bibliotecadeseguranca.com.br\/fr\/wp-content\/uploads\/2020\/01\/seguranca-publica-os-desafios-da-pos-modernidade.jpg\" alt=\"Seguran\u00e7a P\u00fablica \u2013 Os Desafios da P\u00f3s-Modernidade\" width=\"145\" height=\"209\" srcset=\"https:\/\/www.bibliotecadeseguranca.com.br\/fr\/wp-content\/uploads\/2020\/01\/seguranca-publica-os-desafios-da-pos-modernidade.jpg 145w, https:\/\/www.bibliotecadeseguranca.com.br\/fr\/wp-content\/uploads\/2020\/01\/seguranca-publica-os-desafios-da-pos-modernidade-104x150.jpg 104w\" sizes=\"auto, (max-width: 145px) 100vw, 145px\" \/>Antonio Henrique Graciano Suxberger, Leonardo Augusto de A. Cezar dos Santos, Octahydes Ballan Junior, Rodrigo Monteiro da Silva<\/strong><\/span><\/p>\n<p><span style=\"color: #003366;\"><strong>Maison d&#8217;\u00e9dition Lumen Juris<\/strong><\/span><\/p>\n<p><span style=\"color: #003366;\"><strong>R\u00e9sum\u00e9:<\/strong><\/span> A seguran\u00e7a p\u00fablica \u00e9, sem sombra de d\u00favidas, um direito fundamental. Por for\u00e7a do entendimento de que o Estado seria um inimigo e que seria ele o grande opressor e violador dos direitos fundamentais, a seguran\u00e7a p\u00fablica deixou de ser pauta tanto na pol\u00edtica como na academia. Recentemente, diante do crescente aumento dos \u00edndices de criminalidade e do poder das organiza\u00e7\u00f5es criminosas, o tema voltou ao debate. Seguran\u00e7a p\u00fablica \u00e9 um estado de paz social com manten\u00e7a dos direitos constitucionalmente assegurados, n\u00e3o atacados por crimes. Trata-se de processo em desenvolvimento constante, uma vez que a criminalidade e as organiza\u00e7\u00f5es criminosas se apresentam em constante estado de aperfei\u00e7oamento, ocasionando \u00e0 sociedade uma ineg\u00e1vel sensa\u00e7\u00e3o de medo. Nesse contexto, a pauta da (in)seguran\u00e7a p\u00fablica desperta grande interesse na sociedade em geral, tanto que percebemos nas elei\u00e7\u00f5es de 2018 que os candidatos vinculados \u00e0s institui\u00e7\u00f5es de seguran\u00e7a p\u00fablica foram os mais votados. Resta relevante, pois, que os temas relacionados \u00e0 seguran\u00e7a p\u00fablica sejam debatidos de forma coerente por profissionais com experi\u00eancia pr\u00e1tica, aliada a conhecimento acad\u00eamico, tal qual se prop\u00f5e na presente obra.<\/p>\n","protected":false},"excerpt":{"rendered":"<p>Antonio Henrique Graciano Suxberger, Leonardo Augusto de A. Cezar dos Santos, Octahydes Ballan Junior, Rodrigo Monteiro da Silva Maison d&#8217;\u00e9dition Lumen Juris R\u00e9sum\u00e9: A seguran\u00e7a p\u00fablica \u00e9, sem sombra de d\u00favidas, um direito fundamental. Por for\u00e7a do entendimento de que o Estado seria um inimigo e que seria ele o grande opressor e violador dos direitos fundamentais, a seguran\u00e7a p\u00fablica deixou de ser pauta tanto na pol\u00edtica como na academia.&hellip; <\/p>\n","protected":false},"author":3,"featured_media":16183,"comment_status":"open","ping_status":"closed","sticky":false,"template":"","format":"standard","meta":{"footnotes":""},"categories":[6,25],"tags":[],"class_list":["post-16182","post","type-post","status-publish","format-standard","has-post-thumbnail","hentry","category-livros","category-seguranca-publica-e-defesa"],"views":134,"_links":{"self":[{"href":"https:\/\/www.bibliotecadeseguranca.com.br\/fr\/wp-json\/wp\/v2\/posts\/16182","targetHints":{"allow":["GET"]}}],"collection":[{"href":"https:\/\/www.bibliotecadeseguranca.com.br\/fr\/wp-json\/wp\/v2\/posts"}],"about":[{"href":"https:\/\/www.bibliotecadeseguranca.com.br\/fr\/wp-json\/wp\/v2\/types\/post"}],"author":[{"embeddable":true,"href":"https:\/\/www.bibliotecadeseguranca.com.br\/fr\/wp-json\/wp\/v2\/users\/3"}],"replies":[{"embeddable":true,"href":"https:\/\/www.bibliotecadeseguranca.com.br\/fr\/wp-json\/wp\/v2\/comments?post=16182"}],"version-history":[{"count":1,"href":"https:\/\/www.bibliotecadeseguranca.com.br\/fr\/wp-json\/wp\/v2\/posts\/16182\/revisions"}],"predecessor-version":[{"id":16184,"href":"https:\/\/www.bibliotecadeseguranca.com.br\/fr\/wp-json\/wp\/v2\/posts\/16182\/revisions\/16184"}],"wp:featuredmedia":[{"embeddable":true,"href":"https:\/\/www.bibliotecadeseguranca.com.br\/fr\/wp-json\/wp\/v2\/media\/16183"}],"wp:attachment":[{"href":"https:\/\/www.bibliotecadeseguranca.com.br\/fr\/wp-json\/wp\/v2\/media?parent=16182"}],"wp:term":[{"taxonomy":"category","embeddable":true,"href":"https:\/\/www.bibliotecadeseguranca.com.br\/fr\/wp-json\/wp\/v2\/categories?post=16182"},{"taxonomy":"post_tag","embeddable":true,"href":"https:\/\/www.bibliotecadeseguranca.com.br\/fr\/wp-json\/wp\/v2\/tags?post=16182"}],"curies":[{"name":"wp","href":"https:\/\/api.w.org\/{rel}","templated":true}]}}