{"id":16175,"date":"2019-12-27T14:00:54","date_gmt":"2019-12-27T17:00:54","guid":{"rendered":"https:\/\/www.bibliotecadeseguranca.com.br\/fr\/?p=16175"},"modified":"2019-12-27T11:27:15","modified_gmt":"2019-12-27T14:27:15","slug":"les-metiers-de-la-defense-et-de-la-securite-publique","status":"publish","type":"post","link":"https:\/\/www.bibliotecadeseguranca.com.br\/fr\/livros\/les-metiers-de-la-defense-et-de-la-securite-publique\/","title":{"rendered":"Les m\u00e9tiers de la d\u00e9fense et de la s\u00e9curit\u00e9 publique"},"content":{"rendered":"<p><span style=\"color: #003366;\"><strong><img loading=\"lazy\" decoding=\"async\" class=\"alignleft size-full wp-image-16176\" src=\"https:\/\/www.bibliotecadeseguranca.com.br\/fr\/wp-content\/uploads\/2019\/12\/les-metiers-de-la-defense-et-de-la-securite-publique.jpg\" alt=\"Les m\u00e9tiers de la d\u00e9fense et de la s\u00e9curit\u00e9 publique\" width=\"145\" height=\"174\" srcset=\"https:\/\/www.bibliotecadeseguranca.com.br\/fr\/wp-content\/uploads\/2019\/12\/les-metiers-de-la-defense-et-de-la-securite-publique.jpg 145w, https:\/\/www.bibliotecadeseguranca.com.br\/fr\/wp-content\/uploads\/2019\/12\/les-metiers-de-la-defense-et-de-la-securite-publique-125x150.jpg 125w\" sizes=\"auto, (max-width: 145px) 100vw, 145px\" \/>ONISEP<\/strong><\/span><\/p>\n<p><span style=\"color: #003366;\"><strong>R\u00e9sum\u00e9:<\/strong><\/span> &#8221; Les m\u00e9tiers de la d\u00e9fense et de la s\u00e9curit\u00e9 publique &#8221; : un titre tout indiqu\u00e9 pour qui d\u00e9sire assurer la s\u00e9curit\u00e9 du territoire et servir ses int\u00e9r\u00eats ! Car le recrutement dans l&#8217;arm\u00e9e et la Gendarmerie nationale ne faiblit pas, m\u00eame si les diff\u00e9rents corps d&#8217;arm\u00e9e ont du mal \u00e0 recruter leurs militaires du rang (moins de deux candidats pour un poste). En cause : l&#8217;\u00e9cart entre les attentes des jeunes et les exigences inh\u00e9rentes \u00e0 l&#8217;engagement militaire.<br \/>\nEn revanche, c\u00f4t\u00e9 Police nationale et pompiers, les personnels sont int\u00e9gr\u00e9s au compte-gouttes&#8230; Au final : 45 m\u00e9tiers trait\u00e9s sous forme de fiches, illustr\u00e9es par des t\u00e9moignages de professionnels et r\u00e9partis en 5 grandes &#8221; familles &#8221; : arm\u00e9e de Terre, arm\u00e9e de l&#8217;Air, Marine nationale, Gendarmerie nationale et Police nationale. Autant d&#8217;occasions pour d\u00e9couvrir des profils vari\u00e9s, accessibles aux gar\u00e7ons comme aux filles, dipl\u00f4m\u00e9(e)s ou pas.<br \/>\nEnfin, une partie s&#8217;int\u00e9resse plus particuli\u00e8rement \u00e0 l&#8217;emploi et un carnet d&#8217;adresses pr\u00e9sente les principaux lieux de formation et les centres d&#8217;information des diff\u00e9rents corps d&#8217;arm\u00e9e.<\/p>\n","protected":false},"excerpt":{"rendered":"<p>ONISEP R\u00e9sum\u00e9: &#8221; Les m\u00e9tiers de la d\u00e9fense et de la s\u00e9curit\u00e9 publique &#8221; : un titre tout indiqu\u00e9 pour qui d\u00e9sire assurer la s\u00e9curit\u00e9 du territoire et servir ses int\u00e9r\u00eats ! Car le recrutement dans l&#8217;arm\u00e9e et la Gendarmerie nationale ne faiblit pas, m\u00eame si les diff\u00e9rents corps d&#8217;arm\u00e9e ont du mal \u00e0 recruter leurs militaires du rang (moins de deux candidats pour un poste). En cause : l&#8217;\u00e9cart&hellip; <\/p>\n","protected":false},"author":3,"featured_media":16176,"comment_status":"open","ping_status":"closed","sticky":false,"template":"","format":"standard","meta":{"footnotes":""},"categories":[109,6,25],"tags":[],"class_list":["post-16175","post","type-post","status-publish","format-standard","has-post-thumbnail","hentry","category-francais","category-livros","category-seguranca-publica-e-defesa"],"views":159,"_links":{"self":[{"href":"https:\/\/www.bibliotecadeseguranca.com.br\/fr\/wp-json\/wp\/v2\/posts\/16175","targetHints":{"allow":["GET"]}}],"collection":[{"href":"https:\/\/www.bibliotecadeseguranca.com.br\/fr\/wp-json\/wp\/v2\/posts"}],"about":[{"href":"https:\/\/www.bibliotecadeseguranca.com.br\/fr\/wp-json\/wp\/v2\/types\/post"}],"author":[{"embeddable":true,"href":"https:\/\/www.bibliotecadeseguranca.com.br\/fr\/wp-json\/wp\/v2\/users\/3"}],"replies":[{"embeddable":true,"href":"https:\/\/www.bibliotecadeseguranca.com.br\/fr\/wp-json\/wp\/v2\/comments?post=16175"}],"version-history":[{"count":1,"href":"https:\/\/www.bibliotecadeseguranca.com.br\/fr\/wp-json\/wp\/v2\/posts\/16175\/revisions"}],"predecessor-version":[{"id":16177,"href":"https:\/\/www.bibliotecadeseguranca.com.br\/fr\/wp-json\/wp\/v2\/posts\/16175\/revisions\/16177"}],"wp:featuredmedia":[{"embeddable":true,"href":"https:\/\/www.bibliotecadeseguranca.com.br\/fr\/wp-json\/wp\/v2\/media\/16176"}],"wp:attachment":[{"href":"https:\/\/www.bibliotecadeseguranca.com.br\/fr\/wp-json\/wp\/v2\/media?parent=16175"}],"wp:term":[{"taxonomy":"category","embeddable":true,"href":"https:\/\/www.bibliotecadeseguranca.com.br\/fr\/wp-json\/wp\/v2\/categories?post=16175"},{"taxonomy":"post_tag","embeddable":true,"href":"https:\/\/www.bibliotecadeseguranca.com.br\/fr\/wp-json\/wp\/v2\/tags?post=16175"}],"curies":[{"name":"wp","href":"https:\/\/api.w.org\/{rel}","templated":true}]}}