{"id":16169,"date":"2019-12-20T14:00:17","date_gmt":"2019-12-20T17:00:17","guid":{"rendered":"https:\/\/www.bibliotecadeseguranca.com.br\/fr\/?p=16169"},"modified":"2019-12-20T12:47:12","modified_gmt":"2019-12-20T15:47:12","slug":"planes-de-autoproteccion-y-de-emergencias","status":"publish","type":"post","link":"https:\/\/www.bibliotecadeseguranca.com.br\/fr\/livros\/planes-de-autoproteccion-y-de-emergencias\/","title":{"rendered":"Planes de autoprotecci\u00f3n y de emergencias"},"content":{"rendered":"<p><span style=\"color: #003366;\"><strong><img loading=\"lazy\" decoding=\"async\" class=\"alignleft size-full wp-image-16170\" src=\"https:\/\/www.bibliotecadeseguranca.com.br\/fr\/wp-content\/uploads\/2019\/12\/planes-de-autoproteccion-y-de-emergencias.jpg\" alt=\"Planes de autoprotecci\u00f3n y de emergencias\" width=\"145\" height=\"226\" srcset=\"https:\/\/www.bibliotecadeseguranca.com.br\/fr\/wp-content\/uploads\/2019\/12\/planes-de-autoproteccion-y-de-emergencias.jpg 145w, https:\/\/www.bibliotecadeseguranca.com.br\/fr\/wp-content\/uploads\/2019\/12\/planes-de-autoproteccion-y-de-emergencias-96x150.jpg 96w\" sizes=\"auto, (max-width: 145px) 100vw, 145px\" \/>Carlos Manuel Fern\u00e1ndez Gonz\u00e1lez<\/strong><\/span><\/p>\n<p><span style=\"color: #003366;\"><strong>Maison d&#8217;\u00e9dition Reus<\/strong><\/span><\/p>\n<p><span style=\"color: #003366;\"><strong>R\u00e9sum\u00e9:<\/strong><\/span> Esta obra, adaptada a la nueva Ley del Sistema Nacional de Protecci\u00f3n Civil, pretende ser una herramienta con una clara vocaci\u00f3n pr\u00e1ctica que no s\u00f3lo facilite las nociones b\u00e1sicas, sino que, adem\u00e1s, proporcione los recursos necesarios para confeccionar, analizar y valorar el contenido de los Planes de Autoprotecci\u00f3n, as\u00ed como su implantaci\u00f3n efectiva por parte de los distintos profesionales involucrados en su desarrollo. De modo que, su manejo, resulte \u00fatil, tanto para el t\u00e9cnico competente en la materia, el investigador o perito que deba evaluar su adecuaci\u00f3n, como para el estudiante que pretenda formarse en un marco de trabajo tan esencial como resulta el de salvaguardar la vida, la integridad de las personas y la protecci\u00f3n de los bienes.<\/p>\n","protected":false},"excerpt":{"rendered":"<p>Carlos Manuel Fern\u00e1ndez Gonz\u00e1lez Maison d&#8217;\u00e9dition Reus R\u00e9sum\u00e9: Esta obra, adaptada a la nueva Ley del Sistema Nacional de Protecci\u00f3n Civil, pretende ser una herramienta con una clara vocaci\u00f3n pr\u00e1ctica que no s\u00f3lo facilite las nociones b\u00e1sicas, sino que, adem\u00e1s, proporcione los recursos necesarios para confeccionar, analizar y valorar el contenido de los Planes de Autoprotecci\u00f3n, as\u00ed como su implantaci\u00f3n efectiva por parte de los distintos profesionales involucrados en su&hellip; <\/p>\n","protected":false},"author":3,"featured_media":16170,"comment_status":"open","ping_status":"closed","sticky":false,"template":"","format":"standard","meta":{"footnotes":""},"categories":[10,81,6],"tags":[],"class_list":["post-16169","post","type-post","status-publish","format-standard","has-post-thumbnail","hentry","category-crime-violencia-e-criminologia","category-espanol","category-livros"],"views":210,"_links":{"self":[{"href":"https:\/\/www.bibliotecadeseguranca.com.br\/fr\/wp-json\/wp\/v2\/posts\/16169","targetHints":{"allow":["GET"]}}],"collection":[{"href":"https:\/\/www.bibliotecadeseguranca.com.br\/fr\/wp-json\/wp\/v2\/posts"}],"about":[{"href":"https:\/\/www.bibliotecadeseguranca.com.br\/fr\/wp-json\/wp\/v2\/types\/post"}],"author":[{"embeddable":true,"href":"https:\/\/www.bibliotecadeseguranca.com.br\/fr\/wp-json\/wp\/v2\/users\/3"}],"replies":[{"embeddable":true,"href":"https:\/\/www.bibliotecadeseguranca.com.br\/fr\/wp-json\/wp\/v2\/comments?post=16169"}],"version-history":[{"count":1,"href":"https:\/\/www.bibliotecadeseguranca.com.br\/fr\/wp-json\/wp\/v2\/posts\/16169\/revisions"}],"predecessor-version":[{"id":16171,"href":"https:\/\/www.bibliotecadeseguranca.com.br\/fr\/wp-json\/wp\/v2\/posts\/16169\/revisions\/16171"}],"wp:featuredmedia":[{"embeddable":true,"href":"https:\/\/www.bibliotecadeseguranca.com.br\/fr\/wp-json\/wp\/v2\/media\/16170"}],"wp:attachment":[{"href":"https:\/\/www.bibliotecadeseguranca.com.br\/fr\/wp-json\/wp\/v2\/media?parent=16169"}],"wp:term":[{"taxonomy":"category","embeddable":true,"href":"https:\/\/www.bibliotecadeseguranca.com.br\/fr\/wp-json\/wp\/v2\/categories?post=16169"},{"taxonomy":"post_tag","embeddable":true,"href":"https:\/\/www.bibliotecadeseguranca.com.br\/fr\/wp-json\/wp\/v2\/tags?post=16169"}],"curies":[{"name":"wp","href":"https:\/\/api.w.org\/{rel}","templated":true}]}}