{"id":16119,"date":"2019-11-29T14:00:38","date_gmt":"2019-11-29T17:00:38","guid":{"rendered":"https:\/\/www.bibliotecadeseguranca.com.br\/fr\/?p=16119"},"modified":"2019-11-29T12:20:36","modified_gmt":"2019-11-29T15:20:36","slug":"la-securite-en-france","status":"publish","type":"post","link":"https:\/\/www.bibliotecadeseguranca.com.br\/fr\/livros\/la-securite-en-france\/","title":{"rendered":"La s\u00e9curit\u00e9 en France"},"content":{"rendered":"<p><span style=\"color: #003366;\"><strong><img loading=\"lazy\" decoding=\"async\" class=\"alignleft size-full wp-image-16120\" src=\"https:\/\/www.bibliotecadeseguranca.com.br\/fr\/wp-content\/uploads\/2019\/11\/la-securite-en-france.jpg\" alt=\"La s\u00e9curit\u00e9 en France\" width=\"145\" height=\"226\" srcset=\"https:\/\/www.bibliotecadeseguranca.com.br\/fr\/wp-content\/uploads\/2019\/11\/la-securite-en-france.jpg 145w, https:\/\/www.bibliotecadeseguranca.com.br\/fr\/wp-content\/uploads\/2019\/11\/la-securite-en-france-96x150.jpg 96w\" sizes=\"auto, (max-width: 145px) 100vw, 145px\" \/>Emmanuel Dupic<\/strong><\/span><\/p>\n<p><span style=\"color: #003366;\"><strong>Maison d&#8217;\u00e9dition Br\u00e9al<\/strong><\/span><\/p>\n<p><span style=\"color: #003366;\"><strong>R\u00e9sum\u00e9:<\/strong><\/span> Les attentats commis en France le 7 janvier puis le 13 novembre 2015 ont rappel\u00e9 les enjeux que rev\u00eat la question de la s\u00e9curit\u00e9. Au-del\u00e0 de la menace terroriste, la s\u00e9curit\u00e9 quotidienne repr\u00e9sente une obligation pour les pouvoirs publics au profit des citoyens, dans le cadre de la lutte contre la d\u00e9linquance, mais aussi en cas de catastrophes climatiques. Pour assurer la s\u00e9curit\u00e9 et faire face \u00e0 des menaces polymorphes, l&#8217;Etat a engag\u00e9 des coop\u00e9rations multiples avec diff\u00e9rents acteurs : les administrations r\u00e9galiennes (police, justice, arm\u00e9es), mais aussi les collectivit\u00e9s locales (police municipale) et les acteurs priv\u00e9s qui sont devenus coproducteurs de s\u00e9curit\u00e9. Cet ouvrage a l&#8217;ambition de pr\u00e9senter l&#8217;ensemble des acteurs de la s\u00e9curit\u00e9 en France, en privil\u00e9giant une approche th\u00e9matique.<\/p>\n","protected":false},"excerpt":{"rendered":"<p>Emmanuel Dupic Maison d&#8217;\u00e9dition Br\u00e9al R\u00e9sum\u00e9: Les attentats commis en France le 7 janvier puis le 13 novembre 2015 ont rappel\u00e9 les enjeux que rev\u00eat la question de la s\u00e9curit\u00e9. Au-del\u00e0 de la menace terroriste, la s\u00e9curit\u00e9 quotidienne repr\u00e9sente une obligation pour les pouvoirs publics au profit des citoyens, dans le cadre de la lutte contre la d\u00e9linquance, mais aussi en cas de catastrophes climatiques. Pour assurer la s\u00e9curit\u00e9 et&hellip; <\/p>\n","protected":false},"author":3,"featured_media":16120,"comment_status":"open","ping_status":"closed","sticky":false,"template":"","format":"standard","meta":{"footnotes":""},"categories":[109,6,25],"tags":[],"class_list":["post-16119","post","type-post","status-publish","format-standard","has-post-thumbnail","hentry","category-francais","category-livros","category-seguranca-publica-e-defesa"],"views":233,"_links":{"self":[{"href":"https:\/\/www.bibliotecadeseguranca.com.br\/fr\/wp-json\/wp\/v2\/posts\/16119","targetHints":{"allow":["GET"]}}],"collection":[{"href":"https:\/\/www.bibliotecadeseguranca.com.br\/fr\/wp-json\/wp\/v2\/posts"}],"about":[{"href":"https:\/\/www.bibliotecadeseguranca.com.br\/fr\/wp-json\/wp\/v2\/types\/post"}],"author":[{"embeddable":true,"href":"https:\/\/www.bibliotecadeseguranca.com.br\/fr\/wp-json\/wp\/v2\/users\/3"}],"replies":[{"embeddable":true,"href":"https:\/\/www.bibliotecadeseguranca.com.br\/fr\/wp-json\/wp\/v2\/comments?post=16119"}],"version-history":[{"count":1,"href":"https:\/\/www.bibliotecadeseguranca.com.br\/fr\/wp-json\/wp\/v2\/posts\/16119\/revisions"}],"predecessor-version":[{"id":16121,"href":"https:\/\/www.bibliotecadeseguranca.com.br\/fr\/wp-json\/wp\/v2\/posts\/16119\/revisions\/16121"}],"wp:featuredmedia":[{"embeddable":true,"href":"https:\/\/www.bibliotecadeseguranca.com.br\/fr\/wp-json\/wp\/v2\/media\/16120"}],"wp:attachment":[{"href":"https:\/\/www.bibliotecadeseguranca.com.br\/fr\/wp-json\/wp\/v2\/media?parent=16119"}],"wp:term":[{"taxonomy":"category","embeddable":true,"href":"https:\/\/www.bibliotecadeseguranca.com.br\/fr\/wp-json\/wp\/v2\/categories?post=16119"},{"taxonomy":"post_tag","embeddable":true,"href":"https:\/\/www.bibliotecadeseguranca.com.br\/fr\/wp-json\/wp\/v2\/tags?post=16119"}],"curies":[{"name":"wp","href":"https:\/\/api.w.org\/{rel}","templated":true}]}}