{"id":16084,"date":"2019-11-14T14:00:53","date_gmt":"2019-11-14T17:00:53","guid":{"rendered":"https:\/\/www.bibliotecadeseguranca.com.br\/fr\/?p=16084"},"modified":"2019-11-14T12:24:18","modified_gmt":"2019-11-14T15:24:18","slug":"policia-comunitaria-e-gestao-integrada","status":"publish","type":"post","link":"https:\/\/www.bibliotecadeseguranca.com.br\/fr\/livros\/policia-comunitaria-e-gestao-integrada\/","title":{"rendered":"Pol\u00edcia Comunit\u00e1ria e Gest\u00e3o Integrada"},"content":{"rendered":"<p><span style=\"color: #003366;\"><strong><img loading=\"lazy\" decoding=\"async\" class=\"alignleft size-full wp-image-16085\" src=\"https:\/\/www.bibliotecadeseguranca.com.br\/fr\/wp-content\/uploads\/2019\/11\/policia-comunitaria-e-gestao-integrada.jpg\" alt=\"Pol\u00edcia Comunit\u00e1ria e Gest\u00e3o Integrada\" width=\"145\" height=\"213\" srcset=\"https:\/\/www.bibliotecadeseguranca.com.br\/fr\/wp-content\/uploads\/2019\/11\/policia-comunitaria-e-gestao-integrada.jpg 145w, https:\/\/www.bibliotecadeseguranca.com.br\/fr\/wp-content\/uploads\/2019\/11\/policia-comunitaria-e-gestao-integrada-102x150.jpg 102w\" sizes=\"auto, (max-width: 145px) 100vw, 145px\" \/>C\u00e9sar Alberto Souza<\/strong><\/span><\/p>\n<p><span style=\"color: #003366;\"><strong>Maison d&#8217;\u00e9dition Intersaberes<\/strong><\/span><\/p>\n<p><span style=\"color: #003366;\"><strong>Descripci\u00f3n:<\/strong><\/span> Mais do que pensar no policiamento comunit\u00e1rio como uma estrat\u00e9gia de a\u00e7\u00e3o contra o crime e a viol\u00eancia, precisamos perceb\u00ea-lo como uma filosofia e uma forma de gest\u00e3o integrada interessada em promover o bem-estar social. Para esclarecer melhor o que isso significa, esta obra apresenta o desenvolvimento hist\u00f3rico da pol\u00edcia no Brasil, demonstrando assim a origem do policiamento comunit\u00e1rio, em coordena\u00e7\u00e3o com os preceitos dos direitos humanos e da cidadania, e realizando uma an\u00e1lise da pol\u00edtica de seguran\u00e7a p\u00fablica brasileira e da situa\u00e7\u00e3o atual do modelo de pol\u00edcia adotado em todo o pa\u00eds.<\/p>\n","protected":false},"excerpt":{"rendered":"<p>C\u00e9sar Alberto Souza Maison d&#8217;\u00e9dition Intersaberes Descripci\u00f3n: Mais do que pensar no policiamento comunit\u00e1rio como uma estrat\u00e9gia de a\u00e7\u00e3o contra o crime e a viol\u00eancia, precisamos perceb\u00ea-lo como uma filosofia e uma forma de gest\u00e3o integrada interessada em promover o bem-estar social. Para esclarecer melhor o que isso significa, esta obra apresenta o desenvolvimento hist\u00f3rico da pol\u00edcia no Brasil, demonstrando assim a origem do policiamento comunit\u00e1rio, em coordena\u00e7\u00e3o com os&hellip; <\/p>\n","protected":false},"author":3,"featured_media":16085,"comment_status":"open","ping_status":"closed","sticky":false,"template":"","format":"standard","meta":{"footnotes":""},"categories":[10,6,25],"tags":[],"class_list":["post-16084","post","type-post","status-publish","format-standard","has-post-thumbnail","hentry","category-crime-violencia-e-criminologia","category-livros","category-seguranca-publica-e-defesa"],"views":226,"_links":{"self":[{"href":"https:\/\/www.bibliotecadeseguranca.com.br\/fr\/wp-json\/wp\/v2\/posts\/16084","targetHints":{"allow":["GET"]}}],"collection":[{"href":"https:\/\/www.bibliotecadeseguranca.com.br\/fr\/wp-json\/wp\/v2\/posts"}],"about":[{"href":"https:\/\/www.bibliotecadeseguranca.com.br\/fr\/wp-json\/wp\/v2\/types\/post"}],"author":[{"embeddable":true,"href":"https:\/\/www.bibliotecadeseguranca.com.br\/fr\/wp-json\/wp\/v2\/users\/3"}],"replies":[{"embeddable":true,"href":"https:\/\/www.bibliotecadeseguranca.com.br\/fr\/wp-json\/wp\/v2\/comments?post=16084"}],"version-history":[{"count":1,"href":"https:\/\/www.bibliotecadeseguranca.com.br\/fr\/wp-json\/wp\/v2\/posts\/16084\/revisions"}],"predecessor-version":[{"id":16086,"href":"https:\/\/www.bibliotecadeseguranca.com.br\/fr\/wp-json\/wp\/v2\/posts\/16084\/revisions\/16086"}],"wp:featuredmedia":[{"embeddable":true,"href":"https:\/\/www.bibliotecadeseguranca.com.br\/fr\/wp-json\/wp\/v2\/media\/16085"}],"wp:attachment":[{"href":"https:\/\/www.bibliotecadeseguranca.com.br\/fr\/wp-json\/wp\/v2\/media?parent=16084"}],"wp:term":[{"taxonomy":"category","embeddable":true,"href":"https:\/\/www.bibliotecadeseguranca.com.br\/fr\/wp-json\/wp\/v2\/categories?post=16084"},{"taxonomy":"post_tag","embeddable":true,"href":"https:\/\/www.bibliotecadeseguranca.com.br\/fr\/wp-json\/wp\/v2\/tags?post=16084"}],"curies":[{"name":"wp","href":"https:\/\/api.w.org\/{rel}","templated":true}]}}