{"id":16054,"date":"2019-11-01T14:00:20","date_gmt":"2019-11-01T17:00:20","guid":{"rendered":"https:\/\/www.bibliotecadeseguranca.com.br\/fr\/?p=16054"},"modified":"2019-11-01T11:12:03","modified_gmt":"2019-11-01T14:12:03","slug":"qui-est-lennemi","status":"publish","type":"post","link":"https:\/\/www.bibliotecadeseguranca.com.br\/fr\/livros\/qui-est-lennemi\/","title":{"rendered":"Qui est l&#8217;ennemi ?"},"content":{"rendered":"<p><span style=\"color: #003366;\"><strong><img loading=\"lazy\" decoding=\"async\" class=\"alignleft size-full wp-image-16055\" src=\"https:\/\/www.bibliotecadeseguranca.com.br\/fr\/wp-content\/uploads\/2019\/11\/qui-est-lennemi.jpg\" alt=\"Qui est l'ennemi ?\" width=\"145\" height=\"205\" srcset=\"https:\/\/www.bibliotecadeseguranca.com.br\/fr\/wp-content\/uploads\/2019\/11\/qui-est-lennemi.jpg 145w, https:\/\/www.bibliotecadeseguranca.com.br\/fr\/wp-content\/uploads\/2019\/11\/qui-est-lennemi-106x150.jpg 106w\" sizes=\"auto, (max-width: 145px) 100vw, 145px\" \/>Alain Bauer<\/strong><\/span><\/p>\n<p><span style=\"color: #003366;\"><strong>Maison d&#8217;\u00e9dition CNRS<\/strong><\/span><\/p>\n<p><span style=\"color: #003366;\"><strong>R\u00e9sum\u00e9:<\/strong><\/span> Durant des si\u00e8cles, les guerres et les conflits \u00e9taient faciles \u00e0 comprendre : une cause, un ennemi, une guerre. Tout \u00e9tait \u00e9vident, pr\u00e9visible, m\u00eame le terrorisme d&#8217;Al Qaeda, impr\u00e9visible mais identifi\u00e9. Tout est d\u00e9sormais diff\u00e9rent. Donc plus compliqu\u00e9.<br \/>\nLes attentats de janvier 2015 contre Charlie Hebdo et l&#8217;Hyper Casher ont montr\u00e9 que l&#8217;ennemi ne correspond plus aux d\u00e9finitions qui ont eu cours depuis l&#8217;attaque contre le World Trade Center de New York. Il est plus diffus, multiple, et surtout beaucoup moins d\u00e9tectable par les services de s\u00e9curit\u00e9 des \u00c9tats trop habitu\u00e9es \u00e0 lutter contre le terrorisme made in Al Qaeda.<br \/>\nLe terrorisme singulier est devenu pluriel. Entre les professionnels du terrorisme d&#8217;\u00c9tat, les &#8221; golems &#8221; cr\u00e9\u00e9s par des \u00c9tats et qui s&#8217;en sont \u00e9mancip\u00e9s pour agir en fonction de leurs propres int\u00e9r\u00eats, les &#8221; hybrides &#8221; n\u00e9s dans le crime et esp\u00e9rant la r\u00e9demption par la terreur en liaison avec des organisations, et des lumpenterroristes illumin\u00e9s d\u00e9cidant sous l&#8217;impulsion de passer \u00e0 l&#8217;acte, qui donc est vraiment l&#8217;ennemi ?<br \/>\nSelon l&#8217;auteur, il est urgent de sortir de la logique du pr\u00eat \u00e0 penser anti-terroriste pour se lancer dans le sur-mesure. Il appelle \u00e0 un v\u00e9ritable choc culturel pour sortir d&#8217;une guerre froide d\u00e9pass\u00e9e et apprendre \u00e0 conna\u00eetre s\u00e9rieusement des ennemis qui nous \u00e9chappent, bien que nous les ayons fabriqu\u00e9s nous-m\u00eames. On ne fait pas la guerre au terrorisme, affirme-t-il, on lui fait la police.<\/p>\n","protected":false},"excerpt":{"rendered":"<p>Alain Bauer Maison d&#8217;\u00e9dition CNRS R\u00e9sum\u00e9: Durant des si\u00e8cles, les guerres et les conflits \u00e9taient faciles \u00e0 comprendre : une cause, un ennemi, une guerre. Tout \u00e9tait \u00e9vident, pr\u00e9visible, m\u00eame le terrorisme d&#8217;Al Qaeda, impr\u00e9visible mais identifi\u00e9. Tout est d\u00e9sormais diff\u00e9rent. Donc plus compliqu\u00e9. Les attentats de janvier 2015 contre Charlie Hebdo et l&#8217;Hyper Casher ont montr\u00e9 que l&#8217;ennemi ne correspond plus aux d\u00e9finitions qui ont eu cours depuis l&#8217;attaque&hellip; <\/p>\n","protected":false},"author":3,"featured_media":16055,"comment_status":"open","ping_status":"closed","sticky":false,"template":"","format":"standard","meta":{"footnotes":""},"categories":[109,6,25],"tags":[],"class_list":["post-16054","post","type-post","status-publish","format-standard","has-post-thumbnail","hentry","category-francais","category-livros","category-seguranca-publica-e-defesa"],"views":372,"_links":{"self":[{"href":"https:\/\/www.bibliotecadeseguranca.com.br\/fr\/wp-json\/wp\/v2\/posts\/16054","targetHints":{"allow":["GET"]}}],"collection":[{"href":"https:\/\/www.bibliotecadeseguranca.com.br\/fr\/wp-json\/wp\/v2\/posts"}],"about":[{"href":"https:\/\/www.bibliotecadeseguranca.com.br\/fr\/wp-json\/wp\/v2\/types\/post"}],"author":[{"embeddable":true,"href":"https:\/\/www.bibliotecadeseguranca.com.br\/fr\/wp-json\/wp\/v2\/users\/3"}],"replies":[{"embeddable":true,"href":"https:\/\/www.bibliotecadeseguranca.com.br\/fr\/wp-json\/wp\/v2\/comments?post=16054"}],"version-history":[{"count":1,"href":"https:\/\/www.bibliotecadeseguranca.com.br\/fr\/wp-json\/wp\/v2\/posts\/16054\/revisions"}],"predecessor-version":[{"id":16056,"href":"https:\/\/www.bibliotecadeseguranca.com.br\/fr\/wp-json\/wp\/v2\/posts\/16054\/revisions\/16056"}],"wp:featuredmedia":[{"embeddable":true,"href":"https:\/\/www.bibliotecadeseguranca.com.br\/fr\/wp-json\/wp\/v2\/media\/16055"}],"wp:attachment":[{"href":"https:\/\/www.bibliotecadeseguranca.com.br\/fr\/wp-json\/wp\/v2\/media?parent=16054"}],"wp:term":[{"taxonomy":"category","embeddable":true,"href":"https:\/\/www.bibliotecadeseguranca.com.br\/fr\/wp-json\/wp\/v2\/categories?post=16054"},{"taxonomy":"post_tag","embeddable":true,"href":"https:\/\/www.bibliotecadeseguranca.com.br\/fr\/wp-json\/wp\/v2\/tags?post=16054"}],"curies":[{"name":"wp","href":"https:\/\/api.w.org\/{rel}","templated":true}]}}