{"id":16016,"date":"2019-10-15T14:00:17","date_gmt":"2019-10-15T17:00:17","guid":{"rendered":"https:\/\/www.bibliotecadeseguranca.com.br\/fr\/?p=16016"},"modified":"2019-10-15T13:09:26","modified_gmt":"2019-10-15T16:09:26","slug":"el-crimen-organizado-en-america-latina-manifestaciones-facilitadores-y-reacciones","status":"publish","type":"post","link":"https:\/\/www.bibliotecadeseguranca.com.br\/fr\/livros\/el-crimen-organizado-en-america-latina-manifestaciones-facilitadores-y-reacciones\/","title":{"rendered":"El Crimen Organizado en Am\u00e9rica Latina: Manifestaciones, facilitadores y reacciones"},"content":{"rendered":"<p><span style=\"color: #003366;\"><strong><img loading=\"lazy\" decoding=\"async\" class=\"alignleft size-full wp-image-16017\" src=\"https:\/\/www.bibliotecadeseguranca.com.br\/fr\/wp-content\/uploads\/2019\/10\/el-crimen-organizado-en-america-latina-manifestaciones-facilitadores-y-reacciones.jpg\" alt=\"El Crimen Organizado en Am\u00e9rica Latina: Manifestaciones, facilitadores y reacciones\" width=\"145\" height=\"205\" srcset=\"https:\/\/www.bibliotecadeseguranca.com.br\/fr\/wp-content\/uploads\/2019\/10\/el-crimen-organizado-en-america-latina-manifestaciones-facilitadores-y-reacciones.jpg 145w, https:\/\/www.bibliotecadeseguranca.com.br\/fr\/wp-content\/uploads\/2019\/10\/el-crimen-organizado-en-america-latina-manifestaciones-facilitadores-y-reacciones-106x150.jpg 106w\" sizes=\"auto, (max-width: 145px) 100vw, 145px\" \/>Carolina Samp\u00f3, Valeska Troncoso<\/strong><\/span><\/p>\n<p><span style=\"color: #003366;\"><strong>R\u00e9sum\u00e9:<\/strong><\/span> \u00abEl Crimen Organizado en Am\u00e9rica Latina: Manifestaciones, facilitadores y reacciones\u00bb es un libro que re\u00fane a un conjunto de acad\u00e9micos de diversos pa\u00edses con el prop\u00f3sito de analizar, desde diferentes aristas, al crimen organizado en Latinoam\u00e9rica. La iniciativa surgi\u00f3 a mediados del a\u00f1o 2016, cuando al buscar bibliograf\u00eda en espa\u00f1ol para las materias que dictamos, tanto a nivel de grado como de posgrado, descubrimos que exist\u00eda una importante \u00e1rea de vacancia que era necesario llenar. A partir de all\u00ed nos propusimos dar cuenta de las complejidades y especificidades que enfrenta el crimen organizado en nuestra regi\u00f3n.<br \/>\nEl resultado de esa iniciativa puede verse plasmado en el presente libro, que recoge doce art\u00edculos que dan cuenta de distintas posturas y problematizaciones en torno al crimen organizado, e invita a observar los elementos estructurales del crimen organizado que pueden contribuir a una mejor comprensi\u00f3n del fen\u00f3meno en Latinoam\u00e9rica.<br \/>\nEste manuscrito, fue sometido a un riguroso proceso de selecci\u00f3n a cargo del Consejo Editorial del Instituto Guti\u00e9rrez Mellado y de evaluaci\u00f3n por parte de evaluadores externos (en un sistema doble ciego), que efectuaron observaciones y propusieron cambios, que han sido incorporados a la versi\u00f3n final. Todo ello en el marco de los criterios de calidad establecidos por la ANECA, la CNEAI y la ANEP.<\/p>\n<p><a href=\"https:\/\/www.bibliotecadeseguranca.com.br\/wp-content\/uploads\/2019\/10\/el-crimen-organizado-en-america-latina-manifestaciones-facilitadores-y-reacciones.pdf\" target=\"_blank\" rel=\"noopener\"><img loading=\"lazy\" decoding=\"async\" class=\"alignleft wp-image-12143 size-full\" src=\"https:\/\/www.bibliotecadeseguranca.com.br\/fr\/wp-content\/uploads\/2015\/03\/download_fr.gif\" alt=\"T\u00e9l\u00e9charger\" width=\"107\" height=\"25\" \/><\/a><\/p>\n","protected":false},"excerpt":{"rendered":"<p>Carolina Samp\u00f3, Valeska Troncoso R\u00e9sum\u00e9: \u00abEl Crimen Organizado en Am\u00e9rica Latina: Manifestaciones, facilitadores y reacciones\u00bb es un libro que re\u00fane a un conjunto de acad\u00e9micos de diversos pa\u00edses con el prop\u00f3sito de analizar, desde diferentes aristas, al crimen organizado en Latinoam\u00e9rica. La iniciativa surgi\u00f3 a mediados del a\u00f1o 2016, cuando al buscar bibliograf\u00eda en espa\u00f1ol para las materias que dictamos, tanto a nivel de grado como de posgrado, descubrimos que&hellip; <\/p>\n","protected":false},"author":3,"featured_media":16017,"comment_status":"open","ping_status":"closed","sticky":false,"template":"","format":"standard","meta":{"footnotes":""},"categories":[81,92,6,25,112],"tags":[],"class_list":["post-16016","post","type-post","status-publish","format-standard","has-post-thumbnail","hentry","category-espanol","category-trabalho-academico","category-livros","category-seguranca-publica-e-defesa","category-download"],"views":157,"_links":{"self":[{"href":"https:\/\/www.bibliotecadeseguranca.com.br\/fr\/wp-json\/wp\/v2\/posts\/16016","targetHints":{"allow":["GET"]}}],"collection":[{"href":"https:\/\/www.bibliotecadeseguranca.com.br\/fr\/wp-json\/wp\/v2\/posts"}],"about":[{"href":"https:\/\/www.bibliotecadeseguranca.com.br\/fr\/wp-json\/wp\/v2\/types\/post"}],"author":[{"embeddable":true,"href":"https:\/\/www.bibliotecadeseguranca.com.br\/fr\/wp-json\/wp\/v2\/users\/3"}],"replies":[{"embeddable":true,"href":"https:\/\/www.bibliotecadeseguranca.com.br\/fr\/wp-json\/wp\/v2\/comments?post=16016"}],"version-history":[{"count":1,"href":"https:\/\/www.bibliotecadeseguranca.com.br\/fr\/wp-json\/wp\/v2\/posts\/16016\/revisions"}],"predecessor-version":[{"id":16018,"href":"https:\/\/www.bibliotecadeseguranca.com.br\/fr\/wp-json\/wp\/v2\/posts\/16016\/revisions\/16018"}],"wp:featuredmedia":[{"embeddable":true,"href":"https:\/\/www.bibliotecadeseguranca.com.br\/fr\/wp-json\/wp\/v2\/media\/16017"}],"wp:attachment":[{"href":"https:\/\/www.bibliotecadeseguranca.com.br\/fr\/wp-json\/wp\/v2\/media?parent=16016"}],"wp:term":[{"taxonomy":"category","embeddable":true,"href":"https:\/\/www.bibliotecadeseguranca.com.br\/fr\/wp-json\/wp\/v2\/categories?post=16016"},{"taxonomy":"post_tag","embeddable":true,"href":"https:\/\/www.bibliotecadeseguranca.com.br\/fr\/wp-json\/wp\/v2\/tags?post=16016"}],"curies":[{"name":"wp","href":"https:\/\/api.w.org\/{rel}","templated":true}]}}