{"id":16006,"date":"2019-10-11T14:00:45","date_gmt":"2019-10-11T17:00:45","guid":{"rendered":"https:\/\/www.bibliotecadeseguranca.com.br\/fr\/?p=16006"},"modified":"2019-10-11T13:42:33","modified_gmt":"2019-10-11T16:42:33","slug":"seguranca-estrategica-no-302","status":"publish","type":"post","link":"https:\/\/www.bibliotecadeseguranca.com.br\/fr\/periodicos-de-seguranca\/seguranca-estrategica-no-302\/","title":{"rendered":"Seguran\u00e7a Estrat\u00e9gica \u2013 N\u00ba 302"},"content":{"rendered":"<p><span style=\"color: #003366;\"><strong><img loading=\"lazy\" decoding=\"async\" class=\"alignleft size-full wp-image-16007\" src=\"https:\/\/www.bibliotecadeseguranca.com.br\/fr\/wp-content\/uploads\/2019\/10\/seguranca-estrategica-no-302.jpg\" alt=\"Seguran\u00e7a Estrat\u00e9gica \u2013 N\u00ba 302\" width=\"145\" height=\"204\" srcset=\"https:\/\/www.bibliotecadeseguranca.com.br\/fr\/wp-content\/uploads\/2019\/10\/seguranca-estrategica-no-302.jpg 145w, https:\/\/www.bibliotecadeseguranca.com.br\/fr\/wp-content\/uploads\/2019\/10\/seguranca-estrategica-no-302-107x150.jpg 107w\" sizes=\"auto, (max-width: 145px) 100vw, 145px\" \/>R\u00e9sum\u00e9:<\/strong><\/span> Prezados amigos, A vida \u00e9 uma sucess\u00e3o de escolhas. Elas podem ser inteligentes e lev\u00e1-lo ao \u00eaxito ou equivocadas e direcion\u00e1-lo ao fracasso. Qual posi\u00e7\u00e3o voc\u00ea deseja ocupar? \u00c9 estrat\u00e9gico estar entre os primeiros. O segundo \u00e9 o primeiro dos \u00faltimos. Lembre-se disso. Aqueles que esperam a manada se movimentar nunca se destacam. Eles v\u00e3o sempre enxergar rabos e chifres, al\u00e9m de se alimentar do pasto pisoteado e beber \u00e1gua suja. Quantas oportunidades se perdem pelo simples comodismo ou porque a decis\u00e3o foi ir atr\u00e1s do rabo do outro. Doi os timpanos ouvir frases, como: \u201cvou deixar para amanh\u00e3, pr\u00f3ximo m\u00eas ou semestre. Estou sem verba\u201d. Meus amigos, o mundo n\u00e3o para de girar. O planeta inteiro n\u00e3o se importa com o seu planejamento. O mundo gira initerruptamente. O mercado quer consumir agora e vai comprar de quem estiver preparado para oferecer o melhor. Se voc\u00ea ainda raciocina de forma fracionada, lamento informar, mas sua a\u00e7\u00e3o \u00e9 o freio de m\u00e3o puxado da sua empresa. Sempre existe quem queira fazer neg\u00f3cios contigo. \u00c9 hora de deixar de ser t\u00e3o discreto e come\u00e7ar a aparecer de verdade. Perfis reservados n\u00e3o s\u00e3o estrat\u00e9gicos tampouco competitivos. Para n\u00e3o perder espa\u00e7o no mercado, \u00e9 essencial criar visibilidade e investir em aperfei\u00e7oamento constante. Em setembro, tivemos uma experi\u00eancia fant\u00e1stica que serve para exemplificar minha introdu\u00e7\u00e3o. A Escola Superior de Seguran\u00e7a, empresa que faz parte do nosso grupo, promoveu no dia 29 de setembro, no campus da FMU, em S\u00e3o Paulo, o primeiro curso Antiterrorismo em institui\u00e7\u00f5es de ensino com \u00eanfase em atiradores ativos e agressores em massa de ambientes confinados. Em parceria com o grupo internacional Laureate, a iniciativa foi um verdadeiro sucesso. Com aulas expositivas e pr\u00e1ticas, mais de 100 alunos aprenderam t\u00e9cnicas de como agir em grupo e tamb\u00e9m individualmente para se proteger em situa\u00e7\u00f5es graves como essas. Apesar da alta ades\u00e3o no curso, noto que v\u00e1rias pessoas ainda n\u00e3o perceberam que estudar esse assunto \u00e9 uma necessidade real tendo em vista os diversos epis\u00f3dios tr\u00e1gicos que j\u00e1 ocorreram no Brasil, como o massacre em Realengo (RJ), que resultou na morte de 13 alunos e, em Suzano (SP), cujo n\u00famero de v\u00edtimas fatais chegou a 10 pessoas. A import\u00e2ncia do tema e a grande satisfa\u00e7\u00e3o dos nossos alunos nos motivou a agendar novas turmas, criada especialmente para atender as institui\u00e7\u00f5es de ensino. Fique de olho na nossa vasta programa\u00e7\u00e3o de cursos e n\u00e3o deixe oportunidades valiosas como essa para depois. Quero aproveitar a ocasi\u00e3o tamb\u00e9m para agradecer os in\u00fameros \u201cfeedbacks\u201d positivos sobre a nova linha editorial e o layout atual da revista Seguran\u00e7a Estrat\u00e9gica. Muito obrigado pelas manifesta\u00e7\u00f5es de apoio e carinho. Buscamos o melhor a cada dia no exerc\u00edcio di\u00e1rio do trabalho feito pelo bem-estar de todos. Nossas atividades seguem as tend\u00eancias de mercado porque n\u00e3o \u00e9 poss\u00edvel permanecer nesse setor sem estar atualizado. Afinal, seguran\u00e7a hoje \u00e9 pilar estrat\u00e9gico de qualquer organiza\u00e7\u00e3o s\u00e9ria e eficaz.<\/p>\n<p>Um grande abra\u00e7o,<\/p>\n<p>F\u00e1bio Caruso, diretor da revista Seguran\u00e7a Estrat\u00e9gica e da Escola Superior de Seguran\u00e7a<\/p>\n<p><a href=\"https:\/\/www.bibliotecadeseguranca.com.br\/wp-content\/uploads\/2019\/10\/seguranca-estrategica-no-302.pdf\" target=\"_blank\" rel=\"noopener\"><img loading=\"lazy\" decoding=\"async\" class=\"alignleft wp-image-12143 size-full\" src=\"https:\/\/www.bibliotecadeseguranca.com.br\/fr\/wp-content\/uploads\/2015\/03\/download_fr.gif\" alt=\"T\u00e9l\u00e9charger\" width=\"107\" height=\"25\" \/><\/a><\/p>\n","protected":false},"excerpt":{"rendered":"<p>R\u00e9sum\u00e9: Prezados amigos, A vida \u00e9 uma sucess\u00e3o de escolhas. Elas podem ser inteligentes e lev\u00e1-lo ao \u00eaxito ou equivocadas e direcion\u00e1-lo ao fracasso. Qual posi\u00e7\u00e3o voc\u00ea deseja ocupar? \u00c9 estrat\u00e9gico estar entre os primeiros. O segundo \u00e9 o primeiro dos \u00faltimos. Lembre-se disso. Aqueles que esperam a manada se movimentar nunca se destacam. Eles v\u00e3o sempre enxergar rabos e chifres, al\u00e9m de se alimentar do pasto pisoteado e beber&hellip; <\/p>\n","protected":false},"author":3,"featured_media":16007,"comment_status":"open","ping_status":"closed","sticky":false,"template":"","format":"standard","meta":{"footnotes":""},"categories":[71,123,112],"tags":[],"class_list":["post-16006","post","type-post","status-publish","format-standard","has-post-thumbnail","hentry","category-periodicos-de-seguranca","category-jornal-da-seguranca","category-download"],"views":253,"_links":{"self":[{"href":"https:\/\/www.bibliotecadeseguranca.com.br\/fr\/wp-json\/wp\/v2\/posts\/16006","targetHints":{"allow":["GET"]}}],"collection":[{"href":"https:\/\/www.bibliotecadeseguranca.com.br\/fr\/wp-json\/wp\/v2\/posts"}],"about":[{"href":"https:\/\/www.bibliotecadeseguranca.com.br\/fr\/wp-json\/wp\/v2\/types\/post"}],"author":[{"embeddable":true,"href":"https:\/\/www.bibliotecadeseguranca.com.br\/fr\/wp-json\/wp\/v2\/users\/3"}],"replies":[{"embeddable":true,"href":"https:\/\/www.bibliotecadeseguranca.com.br\/fr\/wp-json\/wp\/v2\/comments?post=16006"}],"version-history":[{"count":1,"href":"https:\/\/www.bibliotecadeseguranca.com.br\/fr\/wp-json\/wp\/v2\/posts\/16006\/revisions"}],"predecessor-version":[{"id":16008,"href":"https:\/\/www.bibliotecadeseguranca.com.br\/fr\/wp-json\/wp\/v2\/posts\/16006\/revisions\/16008"}],"wp:featuredmedia":[{"embeddable":true,"href":"https:\/\/www.bibliotecadeseguranca.com.br\/fr\/wp-json\/wp\/v2\/media\/16007"}],"wp:attachment":[{"href":"https:\/\/www.bibliotecadeseguranca.com.br\/fr\/wp-json\/wp\/v2\/media?parent=16006"}],"wp:term":[{"taxonomy":"category","embeddable":true,"href":"https:\/\/www.bibliotecadeseguranca.com.br\/fr\/wp-json\/wp\/v2\/categories?post=16006"},{"taxonomy":"post_tag","embeddable":true,"href":"https:\/\/www.bibliotecadeseguranca.com.br\/fr\/wp-json\/wp\/v2\/tags?post=16006"}],"curies":[{"name":"wp","href":"https:\/\/api.w.org\/{rel}","templated":true}]}}