{"id":15990,"date":"2019-10-04T14:00:43","date_gmt":"2019-10-04T17:00:43","guid":{"rendered":"https:\/\/www.bibliotecadeseguranca.com.br\/fr\/?p=15990"},"modified":"2019-10-04T12:50:27","modified_gmt":"2019-10-04T15:50:27","slug":"comment-vivre-au-temps-du-terrorisme","status":"publish","type":"post","link":"https:\/\/www.bibliotecadeseguranca.com.br\/fr\/livros\/comment-vivre-au-temps-du-terrorisme\/","title":{"rendered":"Comment vivre au temps du terrorisme"},"content":{"rendered":"<p><span style=\"color: #003366;\"><strong><img loading=\"lazy\" decoding=\"async\" class=\"alignleft size-full wp-image-15991\" src=\"https:\/\/www.bibliotecadeseguranca.com.br\/fr\/wp-content\/uploads\/2019\/10\/comment-vivre-au-temps-du-terrorisme.jpg\" alt=\"Comment vivre au temps du terrorisme\" width=\"145\" height=\"235\" srcset=\"https:\/\/www.bibliotecadeseguranca.com.br\/fr\/wp-content\/uploads\/2019\/10\/comment-vivre-au-temps-du-terrorisme.jpg 145w, https:\/\/www.bibliotecadeseguranca.com.br\/fr\/wp-content\/uploads\/2019\/10\/comment-vivre-au-temps-du-terrorisme-93x150.jpg 93w\" sizes=\"auto, (max-width: 145px) 100vw, 145px\" \/>Alain Bauer, Fran\u00e7ois Freynet, Christophe Soullez<\/strong><\/span><\/p>\n<p><span style=\"color: #003366;\"><strong>Maison d&#8217;\u00e9dition First<\/strong><\/span><\/p>\n<p><span style=\"color: #003366;\"><strong>R\u00e9sum\u00e9:<\/strong><\/span> &#8221; Ce que l&#8217;\u00c9tat Islamique tente d\u00e9sesp\u00e9r\u00e9ment, c&#8217;est affaiblir son adversaire au c\u0153ur. Attaquer la France dans sa diversit\u00e9 et pousser \u00e0 l&#8217;affrontement fait partie de sa strat\u00e9gie.<br \/>\nVoici pourquoi il nous a paru utile de publier ce guide, mi-outil pratique de &#8221; survie en milieu hostile &#8220;, mi-ouvrage permettant de s&#8217;y retrouver dans la confusion ambiante sur un sujet plus complexe qu&#8217;il n&#8217;y para\u00eet. Certains, angoiss\u00e9s devant la multiplication des risques, peuvent avoir raison et appara\u00eetre lucides en parlant de guerre civile. Mais nous ne partageons pas leur pessimisme.<br \/>\nFace au terrorisme, on peut, c&#8217;est naturel, d\u00e9cider de se sauver. Tous les ouvrages et toutes les recommandations le disent : &#8221; S&#8217;\u00e9chapper, se cacher, alerter &#8220;. Mais nous savons aussi que quelques individus plus courageux, des &#8221; h\u00e9ros &#8220;, ont r\u00e9ussi \u00e0 d\u00e9sarmer l&#8217;agresseur du Thalys, abattre deux des terroristes du Bataclan mettant fin au massacre en cours, d\u00e9vier le camion de Nice, etc. Et combien d&#8217;autres inconnus en Occident ont pu sauver des dizaines de vies ? Se sauver sans doute. Mais on peut aussi se demander si on peut sauver les autres.<br \/>\nLa France apprend douloureusement \u00e0 devenir vigilante, r\u00e9siliente. Il lui faudra aussi se montrer r\u00e9sistante. &#8220;<\/p>\n","protected":false},"excerpt":{"rendered":"<p>Alain Bauer, Fran\u00e7ois Freynet, Christophe Soullez Maison d&#8217;\u00e9dition First R\u00e9sum\u00e9: &#8221; Ce que l&#8217;\u00c9tat Islamique tente d\u00e9sesp\u00e9r\u00e9ment, c&#8217;est affaiblir son adversaire au c\u0153ur. Attaquer la France dans sa diversit\u00e9 et pousser \u00e0 l&#8217;affrontement fait partie de sa strat\u00e9gie. Voici pourquoi il nous a paru utile de publier ce guide, mi-outil pratique de &#8221; survie en milieu hostile &#8220;, mi-ouvrage permettant de s&#8217;y retrouver dans la confusion ambiante sur un sujet&hellip; <\/p>\n","protected":false},"author":3,"featured_media":15991,"comment_status":"open","ping_status":"closed","sticky":false,"template":"","format":"standard","meta":{"footnotes":""},"categories":[109,6,24,25],"tags":[],"class_list":["post-15990","post","type-post","status-publish","format-standard","has-post-thumbnail","hentry","category-francais","category-livros","category-seguranca-pessoal-e-sequestro","category-seguranca-publica-e-defesa"],"views":220,"_links":{"self":[{"href":"https:\/\/www.bibliotecadeseguranca.com.br\/fr\/wp-json\/wp\/v2\/posts\/15990","targetHints":{"allow":["GET"]}}],"collection":[{"href":"https:\/\/www.bibliotecadeseguranca.com.br\/fr\/wp-json\/wp\/v2\/posts"}],"about":[{"href":"https:\/\/www.bibliotecadeseguranca.com.br\/fr\/wp-json\/wp\/v2\/types\/post"}],"author":[{"embeddable":true,"href":"https:\/\/www.bibliotecadeseguranca.com.br\/fr\/wp-json\/wp\/v2\/users\/3"}],"replies":[{"embeddable":true,"href":"https:\/\/www.bibliotecadeseguranca.com.br\/fr\/wp-json\/wp\/v2\/comments?post=15990"}],"version-history":[{"count":1,"href":"https:\/\/www.bibliotecadeseguranca.com.br\/fr\/wp-json\/wp\/v2\/posts\/15990\/revisions"}],"predecessor-version":[{"id":15992,"href":"https:\/\/www.bibliotecadeseguranca.com.br\/fr\/wp-json\/wp\/v2\/posts\/15990\/revisions\/15992"}],"wp:featuredmedia":[{"embeddable":true,"href":"https:\/\/www.bibliotecadeseguranca.com.br\/fr\/wp-json\/wp\/v2\/media\/15991"}],"wp:attachment":[{"href":"https:\/\/www.bibliotecadeseguranca.com.br\/fr\/wp-json\/wp\/v2\/media?parent=15990"}],"wp:term":[{"taxonomy":"category","embeddable":true,"href":"https:\/\/www.bibliotecadeseguranca.com.br\/fr\/wp-json\/wp\/v2\/categories?post=15990"},{"taxonomy":"post_tag","embeddable":true,"href":"https:\/\/www.bibliotecadeseguranca.com.br\/fr\/wp-json\/wp\/v2\/tags?post=15990"}],"curies":[{"name":"wp","href":"https:\/\/api.w.org\/{rel}","templated":true}]}}