{"id":15987,"date":"2019-10-03T14:00:58","date_gmt":"2019-10-03T17:00:58","guid":{"rendered":"https:\/\/www.bibliotecadeseguranca.com.br\/fr\/?p=15987"},"modified":"2019-10-03T12:56:25","modified_gmt":"2019-10-03T15:56:25","slug":"gestao-por-processos","status":"publish","type":"post","link":"https:\/\/www.bibliotecadeseguranca.com.br\/fr\/livros\/gestao-por-processos\/","title":{"rendered":"Gest\u00e3o por Processos"},"content":{"rendered":"<p><span style=\"color: #003366;\"><strong><img loading=\"lazy\" decoding=\"async\" class=\"alignleft size-full wp-image-15988\" src=\"https:\/\/www.bibliotecadeseguranca.com.br\/fr\/wp-content\/uploads\/2019\/10\/gestao-por-processos.jpg\" alt=\"Gest\u00e3o por Processos\" width=\"145\" height=\"204\" srcset=\"https:\/\/www.bibliotecadeseguranca.com.br\/fr\/wp-content\/uploads\/2019\/10\/gestao-por-processos.jpg 145w, https:\/\/www.bibliotecadeseguranca.com.br\/fr\/wp-content\/uploads\/2019\/10\/gestao-por-processos-107x150.jpg 107w\" sizes=\"auto, (max-width: 145px) 100vw, 145px\" \/>Jos\u00e9 Osvaldo de Sordi<\/strong><\/span><\/p>\n<p><span style=\"color: #003366;\"><strong>Maison d&#8217;\u00e9dition Saraivauni<\/strong><\/span><\/p>\n<p><span style=\"color: #003366;\"><strong>R\u00e9sum\u00e9:<\/strong><\/span> A compreens\u00e3o do vasto conjunto de conceitos, metodologias, pr\u00e1ticas e sistemas tecnol\u00f3gicos voltados \u00e0 competitividade empresarial \u00e9 um dos desafios da administra\u00e7\u00e3o contempor\u00e2nea. Nesta obra, o autor nos proporciona insights sobre a forma de estruturar as organiza\u00e7\u00f5es, aspecto organizacional estrat\u00e9gico, considerando-se que \u00e9 atrav\u00e9s da arquitetura empresarial que se pode obter um diferencial competitivo dif\u00edcil de ser copiado. Nesta 5\u00aa edi\u00e7\u00e3o foi introduzido um novo cap\u00edtulo sobre multifuncionalidade, assunto em discuss\u00e3o na reforma trabalhista brasileira pelo Projeto de Lei n. 190, que impacta fortemente na efic\u00e1cia e na forma de estruturar os processos de neg\u00f3cio da organiza\u00e7\u00e3o. Com isso, o leitor recebe uma obra completa, revisada e atualizada, que faz uma primorosa an\u00e1lise da aplica\u00e7\u00e3o e da adequa\u00e7\u00e3o dos sistemas e das tecnologias da informa\u00e7\u00e3o, bem como dos recursos humanos, no apoio \u00e0 gest\u00e3o por processos de neg\u00f3cios.<\/p>\n","protected":false},"excerpt":{"rendered":"<p>Jos\u00e9 Osvaldo de Sordi Maison d&#8217;\u00e9dition Saraivauni R\u00e9sum\u00e9: A compreens\u00e3o do vasto conjunto de conceitos, metodologias, pr\u00e1ticas e sistemas tecnol\u00f3gicos voltados \u00e0 competitividade empresarial \u00e9 um dos desafios da administra\u00e7\u00e3o contempor\u00e2nea. Nesta obra, o autor nos proporciona insights sobre a forma de estruturar as organiza\u00e7\u00f5es, aspecto organizacional estrat\u00e9gico, considerando-se que \u00e9 atrav\u00e9s da arquitetura empresarial que se pode obter um diferencial competitivo dif\u00edcil de ser copiado. Nesta 5\u00aa edi\u00e7\u00e3o foi&hellip; <\/p>\n","protected":false},"author":3,"featured_media":15988,"comment_status":"open","ping_status":"closed","sticky":false,"template":"","format":"standard","meta":{"footnotes":""},"categories":[14,6],"tags":[],"class_list":["post-15987","post","type-post","status-publish","format-standard","has-post-thumbnail","hentry","category-administracao-e-estrategia-empresarial","category-livros"],"views":169,"_links":{"self":[{"href":"https:\/\/www.bibliotecadeseguranca.com.br\/fr\/wp-json\/wp\/v2\/posts\/15987","targetHints":{"allow":["GET"]}}],"collection":[{"href":"https:\/\/www.bibliotecadeseguranca.com.br\/fr\/wp-json\/wp\/v2\/posts"}],"about":[{"href":"https:\/\/www.bibliotecadeseguranca.com.br\/fr\/wp-json\/wp\/v2\/types\/post"}],"author":[{"embeddable":true,"href":"https:\/\/www.bibliotecadeseguranca.com.br\/fr\/wp-json\/wp\/v2\/users\/3"}],"replies":[{"embeddable":true,"href":"https:\/\/www.bibliotecadeseguranca.com.br\/fr\/wp-json\/wp\/v2\/comments?post=15987"}],"version-history":[{"count":1,"href":"https:\/\/www.bibliotecadeseguranca.com.br\/fr\/wp-json\/wp\/v2\/posts\/15987\/revisions"}],"predecessor-version":[{"id":15989,"href":"https:\/\/www.bibliotecadeseguranca.com.br\/fr\/wp-json\/wp\/v2\/posts\/15987\/revisions\/15989"}],"wp:featuredmedia":[{"embeddable":true,"href":"https:\/\/www.bibliotecadeseguranca.com.br\/fr\/wp-json\/wp\/v2\/media\/15988"}],"wp:attachment":[{"href":"https:\/\/www.bibliotecadeseguranca.com.br\/fr\/wp-json\/wp\/v2\/media?parent=15987"}],"wp:term":[{"taxonomy":"category","embeddable":true,"href":"https:\/\/www.bibliotecadeseguranca.com.br\/fr\/wp-json\/wp\/v2\/categories?post=15987"},{"taxonomy":"post_tag","embeddable":true,"href":"https:\/\/www.bibliotecadeseguranca.com.br\/fr\/wp-json\/wp\/v2\/tags?post=15987"}],"curies":[{"name":"wp","href":"https:\/\/api.w.org\/{rel}","templated":true}]}}