{"id":15965,"date":"2019-09-23T14:00:39","date_gmt":"2019-09-23T17:00:39","guid":{"rendered":"https:\/\/www.bibliotecadeseguranca.com.br\/fr\/?p=15965"},"modified":"2019-09-23T13:06:52","modified_gmt":"2019-09-23T16:06:52","slug":"a-guerra-do-futuro-ja-comecou-e-o-brasil-enfrenta-o-desafio-do-abismo-tecnologico","status":"publish","type":"post","link":"https:\/\/www.bibliotecadeseguranca.com.br\/fr\/livros\/a-guerra-do-futuro-ja-comecou-e-o-brasil-enfrenta-o-desafio-do-abismo-tecnologico\/","title":{"rendered":"A Guerra do Futuro j\u00e1 Come\u00e7ou e o Brasil Enfrenta o Desafio do Abismo Tecnol\u00f3gico"},"content":{"rendered":"<p><span style=\"color: #003366;\"><strong><img loading=\"lazy\" decoding=\"async\" class=\"alignleft size-full wp-image-15966\" src=\"https:\/\/www.bibliotecadeseguranca.com.br\/fr\/wp-content\/uploads\/2019\/09\/a-guerra-do-futuro-ja-comecou-e-o-brasil-enfrenta-o-desafio-do-abismo-tecnologico.jpg\" alt=\"A Guerra do Futuro j\u00e1 Come\u00e7ou e o Brasil Enfrenta o Desafio do Abismo Tecnol\u00f3gico\" width=\"145\" height=\"205\" srcset=\"https:\/\/www.bibliotecadeseguranca.com.br\/fr\/wp-content\/uploads\/2019\/09\/a-guerra-do-futuro-ja-comecou-e-o-brasil-enfrenta-o-desafio-do-abismo-tecnologico.jpg 145w, https:\/\/www.bibliotecadeseguranca.com.br\/fr\/wp-content\/uploads\/2019\/09\/a-guerra-do-futuro-ja-comecou-e-o-brasil-enfrenta-o-desafio-do-abismo-tecnologico-106x150.jpg 106w\" sizes=\"auto, (max-width: 145px) 100vw, 145px\" \/>Peterson Ferreira da Silva<\/strong><\/span><\/p>\n<p><span style=\"color: #003366;\"><strong>R\u00e9sum\u00e9:<\/strong><\/span> o objetivo deste ensaio \u00e9 explorar os impactos que determinadas tecnologias avan\u00e7adas (incluindo seus desdobramentos organizacionais) podem trazer nos pr\u00f3ximos anos para as mais modernas for\u00e7as militares do globo. Este trabalho elenca algumas das possibilidades descortinadas pelos campos da intelig\u00eancia artificial, da manufatura aditiva, da internet das coisas e do conjunto das tecnologias aut\u00f4nomas. A partir da breve an\u00e1lise desenvolvida, torna-se poss\u00edvel sugerir estudos mais detalhados buscando identifica\u00e7\u00e3o, intera\u00e7\u00e3o e prioriza\u00e7\u00e3o de linhas tecnol\u00f3gicas de interesse compartilhado entre as \u00e1reas de intelig\u00eancia, defesa e seguran\u00e7a p\u00fablica no Brasil.<\/p>\n<p><a href=\"https:\/\/www.bibliotecadeseguranca.com.br\/wp-content\/uploads\/2019\/09\/a-guerra-do-futuro-ja-comecou-e-o-brasil-enfrenta-o-desafio-do-abismo-tecnologico.pdf\" target=\"_blank\" rel=\"noopener\"><img loading=\"lazy\" decoding=\"async\" class=\"alignleft wp-image-12143 size-full\" src=\"https:\/\/www.bibliotecadeseguranca.com.br\/fr\/wp-content\/uploads\/2015\/03\/download_fr.gif\" alt=\"T\u00e9l\u00e9charger\" width=\"107\" height=\"25\" \/><\/a><\/p>\n","protected":false},"excerpt":{"rendered":"<p>Peterson Ferreira da Silva R\u00e9sum\u00e9: o objetivo deste ensaio \u00e9 explorar os impactos que determinadas tecnologias avan\u00e7adas (incluindo seus desdobramentos organizacionais) podem trazer nos pr\u00f3ximos anos para as mais modernas for\u00e7as militares do globo. Este trabalho elenca algumas das possibilidades descortinadas pelos campos da intelig\u00eancia artificial, da manufatura aditiva, da internet das coisas e do conjunto das tecnologias aut\u00f4nomas. A partir da breve an\u00e1lise desenvolvida, torna-se poss\u00edvel sugerir estudos mais&hellip; <\/p>\n","protected":false},"author":3,"featured_media":15966,"comment_status":"open","ping_status":"closed","sticky":false,"template":"","format":"standard","meta":{"footnotes":""},"categories":[92,6,25,112],"tags":[],"class_list":["post-15965","post","type-post","status-publish","format-standard","has-post-thumbnail","hentry","category-trabalho-academico","category-livros","category-seguranca-publica-e-defesa","category-download"],"views":175,"_links":{"self":[{"href":"https:\/\/www.bibliotecadeseguranca.com.br\/fr\/wp-json\/wp\/v2\/posts\/15965","targetHints":{"allow":["GET"]}}],"collection":[{"href":"https:\/\/www.bibliotecadeseguranca.com.br\/fr\/wp-json\/wp\/v2\/posts"}],"about":[{"href":"https:\/\/www.bibliotecadeseguranca.com.br\/fr\/wp-json\/wp\/v2\/types\/post"}],"author":[{"embeddable":true,"href":"https:\/\/www.bibliotecadeseguranca.com.br\/fr\/wp-json\/wp\/v2\/users\/3"}],"replies":[{"embeddable":true,"href":"https:\/\/www.bibliotecadeseguranca.com.br\/fr\/wp-json\/wp\/v2\/comments?post=15965"}],"version-history":[{"count":1,"href":"https:\/\/www.bibliotecadeseguranca.com.br\/fr\/wp-json\/wp\/v2\/posts\/15965\/revisions"}],"predecessor-version":[{"id":15967,"href":"https:\/\/www.bibliotecadeseguranca.com.br\/fr\/wp-json\/wp\/v2\/posts\/15965\/revisions\/15967"}],"wp:featuredmedia":[{"embeddable":true,"href":"https:\/\/www.bibliotecadeseguranca.com.br\/fr\/wp-json\/wp\/v2\/media\/15966"}],"wp:attachment":[{"href":"https:\/\/www.bibliotecadeseguranca.com.br\/fr\/wp-json\/wp\/v2\/media?parent=15965"}],"wp:term":[{"taxonomy":"category","embeddable":true,"href":"https:\/\/www.bibliotecadeseguranca.com.br\/fr\/wp-json\/wp\/v2\/categories?post=15965"},{"taxonomy":"post_tag","embeddable":true,"href":"https:\/\/www.bibliotecadeseguranca.com.br\/fr\/wp-json\/wp\/v2\/tags?post=15965"}],"curies":[{"name":"wp","href":"https:\/\/api.w.org\/{rel}","templated":true}]}}