{"id":15959,"date":"2019-09-20T14:00:06","date_gmt":"2019-09-20T17:00:06","guid":{"rendered":"https:\/\/www.bibliotecadeseguranca.com.br\/fr\/?p=15959"},"modified":"2019-09-20T13:12:42","modified_gmt":"2019-09-20T16:12:42","slug":"direito-individual-e-seguranca-do-trabalho-para-vigilantes","status":"publish","type":"post","link":"https:\/\/www.bibliotecadeseguranca.com.br\/fr\/livros\/direito-individual-e-seguranca-do-trabalho-para-vigilantes\/","title":{"rendered":"Direito Individual e Seguran\u00e7a do Trabalho para Vigilantes"},"content":{"rendered":"<p><span style=\"color: #003366;\"><strong><img loading=\"lazy\" decoding=\"async\" class=\"alignleft size-full wp-image-15960\" src=\"https:\/\/www.bibliotecadeseguranca.com.br\/fr\/wp-content\/uploads\/2019\/09\/direito-individual-e-seguranca-do-trabalho-para-vigilantes.jpg\" alt=\"Direito Individual e Seguran\u00e7a do Trabalho para Vigilantes\" width=\"145\" height=\"213\" srcset=\"https:\/\/www.bibliotecadeseguranca.com.br\/fr\/wp-content\/uploads\/2019\/09\/direito-individual-e-seguranca-do-trabalho-para-vigilantes.jpg 145w, https:\/\/www.bibliotecadeseguranca.com.br\/fr\/wp-content\/uploads\/2019\/09\/direito-individual-e-seguranca-do-trabalho-para-vigilantes-102x150.jpg 102w\" sizes=\"auto, (max-width: 145px) 100vw, 145px\" \/>Jonas Raul Balbinoti, Milena Zwicker, Robert Carlon De Carvalho<\/strong><\/span><\/p>\n<p><span style=\"color: #003366;\"><strong>Maison d&#8217;\u00e9dition InterSaberes<\/strong><\/span><\/p>\n<p><span style=\"color: #003366;\"><strong>R\u00e9sum\u00e9:<\/strong><\/span> Os conte\u00fados desta obra s\u00e3o de fundamental import\u00e2ncia para o futuro profissional de seguran\u00e7a privada, pois os conhecimentos de base do direito individual e da seguran\u00e7a do trabalho oferecem mais condi\u00e7\u00f5es para compreender direitos, deveres e responsabilidades trabalhistas e de seguran\u00e7a ocupacional. Acompanhe-nos nesta leitura e conhe\u00e7a os principais fatores que circundam o exerc\u00edcio da fun\u00e7\u00e3o de vigilante, entendendo melhor aspectos como as diversas formas de contrata\u00e7\u00e3o, as jornadas de trabalho, os equipamentos de prote\u00e7\u00e3o individual, as doen\u00e7as decorrentes da ergonomia e muito mais.<\/p>\n","protected":false},"excerpt":{"rendered":"<p>Jonas Raul Balbinoti, Milena Zwicker, Robert Carlon De Carvalho Maison d&#8217;\u00e9dition InterSaberes R\u00e9sum\u00e9: Os conte\u00fados desta obra s\u00e3o de fundamental import\u00e2ncia para o futuro profissional de seguran\u00e7a privada, pois os conhecimentos de base do direito individual e da seguran\u00e7a do trabalho oferecem mais condi\u00e7\u00f5es para compreender direitos, deveres e responsabilidades trabalhistas e de seguran\u00e7a ocupacional. Acompanhe-nos nesta leitura e conhe\u00e7a os principais fatores que circundam o exerc\u00edcio da fun\u00e7\u00e3o de&hellip; <\/p>\n","protected":false},"author":3,"featured_media":15960,"comment_status":"open","ping_status":"closed","sticky":false,"template":"","format":"standard","meta":{"footnotes":""},"categories":[23,6],"tags":[],"class_list":["post-15959","post","type-post","status-publish","format-standard","has-post-thumbnail","hentry","category-gestao-da-seguranca-empresarial","category-livros"],"views":141,"_links":{"self":[{"href":"https:\/\/www.bibliotecadeseguranca.com.br\/fr\/wp-json\/wp\/v2\/posts\/15959","targetHints":{"allow":["GET"]}}],"collection":[{"href":"https:\/\/www.bibliotecadeseguranca.com.br\/fr\/wp-json\/wp\/v2\/posts"}],"about":[{"href":"https:\/\/www.bibliotecadeseguranca.com.br\/fr\/wp-json\/wp\/v2\/types\/post"}],"author":[{"embeddable":true,"href":"https:\/\/www.bibliotecadeseguranca.com.br\/fr\/wp-json\/wp\/v2\/users\/3"}],"replies":[{"embeddable":true,"href":"https:\/\/www.bibliotecadeseguranca.com.br\/fr\/wp-json\/wp\/v2\/comments?post=15959"}],"version-history":[{"count":1,"href":"https:\/\/www.bibliotecadeseguranca.com.br\/fr\/wp-json\/wp\/v2\/posts\/15959\/revisions"}],"predecessor-version":[{"id":15961,"href":"https:\/\/www.bibliotecadeseguranca.com.br\/fr\/wp-json\/wp\/v2\/posts\/15959\/revisions\/15961"}],"wp:featuredmedia":[{"embeddable":true,"href":"https:\/\/www.bibliotecadeseguranca.com.br\/fr\/wp-json\/wp\/v2\/media\/15960"}],"wp:attachment":[{"href":"https:\/\/www.bibliotecadeseguranca.com.br\/fr\/wp-json\/wp\/v2\/media?parent=15959"}],"wp:term":[{"taxonomy":"category","embeddable":true,"href":"https:\/\/www.bibliotecadeseguranca.com.br\/fr\/wp-json\/wp\/v2\/categories?post=15959"},{"taxonomy":"post_tag","embeddable":true,"href":"https:\/\/www.bibliotecadeseguranca.com.br\/fr\/wp-json\/wp\/v2\/tags?post=15959"}],"curies":[{"name":"wp","href":"https:\/\/api.w.org\/{rel}","templated":true}]}}