{"id":15927,"date":"2019-09-06T14:00:20","date_gmt":"2019-09-06T17:00:20","guid":{"rendered":"https:\/\/www.bibliotecadeseguranca.com.br\/fr\/?p=15927"},"modified":"2019-09-06T13:13:08","modified_gmt":"2019-09-06T16:13:08","slug":"gestao-de-seguranca-empresarial","status":"publish","type":"post","link":"https:\/\/www.bibliotecadeseguranca.com.br\/fr\/livros\/gestao-de-seguranca-empresarial\/","title":{"rendered":"Gest\u00e3o de Seguran\u00e7a Empresarial"},"content":{"rendered":"<p><span style=\"color: #003366;\"><strong><img loading=\"lazy\" decoding=\"async\" class=\"alignleft size-full wp-image-15928\" src=\"https:\/\/www.bibliotecadeseguranca.com.br\/fr\/wp-content\/uploads\/2019\/09\/gestao-de-seguranca-empresarial.jpg\" alt=\"Gest\u00e3o de Seguran\u00e7a Empresarial\" width=\"145\" height=\"212\" srcset=\"https:\/\/www.bibliotecadeseguranca.com.br\/fr\/wp-content\/uploads\/2019\/09\/gestao-de-seguranca-empresarial.jpg 145w, https:\/\/www.bibliotecadeseguranca.com.br\/fr\/wp-content\/uploads\/2019\/09\/gestao-de-seguranca-empresarial-103x150.jpg 103w\" sizes=\"auto, (max-width: 145px) 100vw, 145px\" \/>Silvia de L. Hilst Wolaniuk, Silvio de Mattos Hilst<\/strong><\/span><\/p>\n<p><span style=\"color: #003366;\"><strong>Maison d&#8217;\u00e9dition InterSaberes<\/strong><\/span><\/p>\n<p><span style=\"color: #003366;\"><strong>R\u00e9sum\u00e9:<\/strong><\/span> Com o aumento significativo da viol\u00eancia e da criminalidade nas \u00faltimas d\u00e9cadas, a necessidade de sistematizar a seguran\u00e7a no meio organizacional tornou-se cada vez mais evidente, gerando oportunidades de trabalho para aqueles que desejam atuar na seguran\u00e7a privada e, em especial, na \u00e1rea de gest\u00e3o operacional de seguran\u00e7a.<br \/>\nConhe\u00e7a, nesta obra, os principais aspectos que caracterizam o funcionamento pr\u00e1tico da seguran\u00e7a empresarial e identifique as compet\u00eancias que voc\u00ea precisa desenvolver para desempenhar um bom trabalho como gestor de seguran\u00e7a.<\/p>\n","protected":false},"excerpt":{"rendered":"<p>Silvia de L. Hilst Wolaniuk, Silvio de Mattos Hilst Maison d&#8217;\u00e9dition InterSaberes R\u00e9sum\u00e9: Com o aumento significativo da viol\u00eancia e da criminalidade nas \u00faltimas d\u00e9cadas, a necessidade de sistematizar a seguran\u00e7a no meio organizacional tornou-se cada vez mais evidente, gerando oportunidades de trabalho para aqueles que desejam atuar na seguran\u00e7a privada e, em especial, na \u00e1rea de gest\u00e3o operacional de seguran\u00e7a. Conhe\u00e7a, nesta obra, os principais aspectos que caracterizam o&hellip; <\/p>\n","protected":false},"author":3,"featured_media":15928,"comment_status":"open","ping_status":"closed","sticky":false,"template":"","format":"standard","meta":{"footnotes":""},"categories":[23,6],"tags":[],"class_list":["post-15927","post","type-post","status-publish","format-standard","has-post-thumbnail","hentry","category-gestao-da-seguranca-empresarial","category-livros"],"views":132,"_links":{"self":[{"href":"https:\/\/www.bibliotecadeseguranca.com.br\/fr\/wp-json\/wp\/v2\/posts\/15927","targetHints":{"allow":["GET"]}}],"collection":[{"href":"https:\/\/www.bibliotecadeseguranca.com.br\/fr\/wp-json\/wp\/v2\/posts"}],"about":[{"href":"https:\/\/www.bibliotecadeseguranca.com.br\/fr\/wp-json\/wp\/v2\/types\/post"}],"author":[{"embeddable":true,"href":"https:\/\/www.bibliotecadeseguranca.com.br\/fr\/wp-json\/wp\/v2\/users\/3"}],"replies":[{"embeddable":true,"href":"https:\/\/www.bibliotecadeseguranca.com.br\/fr\/wp-json\/wp\/v2\/comments?post=15927"}],"version-history":[{"count":1,"href":"https:\/\/www.bibliotecadeseguranca.com.br\/fr\/wp-json\/wp\/v2\/posts\/15927\/revisions"}],"predecessor-version":[{"id":15929,"href":"https:\/\/www.bibliotecadeseguranca.com.br\/fr\/wp-json\/wp\/v2\/posts\/15927\/revisions\/15929"}],"wp:featuredmedia":[{"embeddable":true,"href":"https:\/\/www.bibliotecadeseguranca.com.br\/fr\/wp-json\/wp\/v2\/media\/15928"}],"wp:attachment":[{"href":"https:\/\/www.bibliotecadeseguranca.com.br\/fr\/wp-json\/wp\/v2\/media?parent=15927"}],"wp:term":[{"taxonomy":"category","embeddable":true,"href":"https:\/\/www.bibliotecadeseguranca.com.br\/fr\/wp-json\/wp\/v2\/categories?post=15927"},{"taxonomy":"post_tag","embeddable":true,"href":"https:\/\/www.bibliotecadeseguranca.com.br\/fr\/wp-json\/wp\/v2\/tags?post=15927"}],"curies":[{"name":"wp","href":"https:\/\/api.w.org\/{rel}","templated":true}]}}