{"id":15900,"date":"2019-08-26T14:00:59","date_gmt":"2019-08-26T17:00:59","guid":{"rendered":"https:\/\/www.bibliotecadeseguranca.com.br\/fr\/?p=15900"},"modified":"2019-08-26T13:22:45","modified_gmt":"2019-08-26T16:22:45","slug":"seguranca-executiva-e-de-autoridades","status":"publish","type":"post","link":"https:\/\/www.bibliotecadeseguranca.com.br\/fr\/livros\/seguranca-executiva-e-de-autoridades\/","title":{"rendered":"Seguran\u00e7a Executiva e de Autoridades"},"content":{"rendered":"<p><span style=\"color: #003366;\"><strong><img loading=\"lazy\" decoding=\"async\" class=\"alignleft size-full wp-image-15901\" src=\"https:\/\/www.bibliotecadeseguranca.com.br\/fr\/wp-content\/uploads\/2019\/08\/seguranca-executiva-e-de-autoridades.jpg\" alt=\"Seguran\u00e7a Executiva e de Autoridades\" width=\"145\" height=\"212\" srcset=\"https:\/\/www.bibliotecadeseguranca.com.br\/fr\/wp-content\/uploads\/2019\/08\/seguranca-executiva-e-de-autoridades.jpg 145w, https:\/\/www.bibliotecadeseguranca.com.br\/fr\/wp-content\/uploads\/2019\/08\/seguranca-executiva-e-de-autoridades-103x150.jpg 103w\" sizes=\"auto, (max-width: 145px) 100vw, 145px\" \/>Claudionor Agibert<\/strong><\/span><\/p>\n<p><span style=\"color: #003366;\"><strong>Maison d&#8217;\u00e9dition InterSaberes<\/strong><\/span><\/p>\n<p><span style=\"color: #003366;\"><strong>R\u00e9sum\u00e9:<\/strong><\/span> Se voc\u00ea atua na \u00e1rea de seguran\u00e7a, p\u00fablica ou privada, e tem de desenvolver a\u00e7\u00f5es de prote\u00e7\u00e3o a autoridades, dignit\u00e1rios e pessoas que ocupam cargos ou posi\u00e7\u00f5es de grande relev\u00e2ncia p\u00fablica, precisa dominar uma s\u00e9rie de assuntos relacionados \u00e0 prote\u00e7\u00e3o pessoal. Mantenha-se atualizado quanto \u00e0s novas tecnologias que est\u00e3o sendo desenvolvidas nesse setor e conhe\u00e7a t\u00e9cnicas e procedimentos que podem ajud\u00e1-lo a executar suas tarefas com mais efici\u00eancia e a tra\u00e7ar planos e estrat\u00e9gias pertinentes e bem estruturados.<\/p>\n","protected":false},"excerpt":{"rendered":"<p>Claudionor Agibert Maison d&#8217;\u00e9dition InterSaberes R\u00e9sum\u00e9: Se voc\u00ea atua na \u00e1rea de seguran\u00e7a, p\u00fablica ou privada, e tem de desenvolver a\u00e7\u00f5es de prote\u00e7\u00e3o a autoridades, dignit\u00e1rios e pessoas que ocupam cargos ou posi\u00e7\u00f5es de grande relev\u00e2ncia p\u00fablica, precisa dominar uma s\u00e9rie de assuntos relacionados \u00e0 prote\u00e7\u00e3o pessoal. Mantenha-se atualizado quanto \u00e0s novas tecnologias que est\u00e3o sendo desenvolvidas nesse setor e conhe\u00e7a t\u00e9cnicas e procedimentos que podem ajud\u00e1-lo a executar suas&hellip; <\/p>\n","protected":false},"author":3,"featured_media":15901,"comment_status":"open","ping_status":"closed","sticky":false,"template":"","format":"standard","meta":{"footnotes":""},"categories":[23,6,25],"tags":[],"class_list":["post-15900","post","type-post","status-publish","format-standard","has-post-thumbnail","hentry","category-gestao-da-seguranca-empresarial","category-livros","category-seguranca-publica-e-defesa"],"views":399,"_links":{"self":[{"href":"https:\/\/www.bibliotecadeseguranca.com.br\/fr\/wp-json\/wp\/v2\/posts\/15900","targetHints":{"allow":["GET"]}}],"collection":[{"href":"https:\/\/www.bibliotecadeseguranca.com.br\/fr\/wp-json\/wp\/v2\/posts"}],"about":[{"href":"https:\/\/www.bibliotecadeseguranca.com.br\/fr\/wp-json\/wp\/v2\/types\/post"}],"author":[{"embeddable":true,"href":"https:\/\/www.bibliotecadeseguranca.com.br\/fr\/wp-json\/wp\/v2\/users\/3"}],"replies":[{"embeddable":true,"href":"https:\/\/www.bibliotecadeseguranca.com.br\/fr\/wp-json\/wp\/v2\/comments?post=15900"}],"version-history":[{"count":1,"href":"https:\/\/www.bibliotecadeseguranca.com.br\/fr\/wp-json\/wp\/v2\/posts\/15900\/revisions"}],"predecessor-version":[{"id":15902,"href":"https:\/\/www.bibliotecadeseguranca.com.br\/fr\/wp-json\/wp\/v2\/posts\/15900\/revisions\/15902"}],"wp:featuredmedia":[{"embeddable":true,"href":"https:\/\/www.bibliotecadeseguranca.com.br\/fr\/wp-json\/wp\/v2\/media\/15901"}],"wp:attachment":[{"href":"https:\/\/www.bibliotecadeseguranca.com.br\/fr\/wp-json\/wp\/v2\/media?parent=15900"}],"wp:term":[{"taxonomy":"category","embeddable":true,"href":"https:\/\/www.bibliotecadeseguranca.com.br\/fr\/wp-json\/wp\/v2\/categories?post=15900"},{"taxonomy":"post_tag","embeddable":true,"href":"https:\/\/www.bibliotecadeseguranca.com.br\/fr\/wp-json\/wp\/v2\/tags?post=15900"}],"curies":[{"name":"wp","href":"https:\/\/api.w.org\/{rel}","templated":true}]}}