{"id":15890,"date":"2019-08-22T14:00:36","date_gmt":"2019-08-22T17:00:36","guid":{"rendered":"https:\/\/www.bibliotecadeseguranca.com.br\/fr\/?p=15890"},"modified":"2019-08-22T13:27:51","modified_gmt":"2019-08-22T16:27:51","slug":"jornal-da-seguranca-no-300","status":"publish","type":"post","link":"https:\/\/www.bibliotecadeseguranca.com.br\/fr\/periodicos-de-seguranca\/jornal-da-seguranca-no-300\/","title":{"rendered":"Jornal da Seguran\u00e7a \u2013 N\u00ba 300"},"content":{"rendered":"<p><span style=\"color: #003366;\"><strong><img loading=\"lazy\" decoding=\"async\" class=\"alignleft size-full wp-image-15891\" src=\"https:\/\/www.bibliotecadeseguranca.com.br\/fr\/wp-content\/uploads\/2019\/08\/jornal-da-seguranca-no-300.jpg\" alt=\"Jornal da Seguran\u00e7a \u2013 N\u00ba 300\" width=\"145\" height=\"205\" srcset=\"https:\/\/www.bibliotecadeseguranca.com.br\/fr\/wp-content\/uploads\/2019\/08\/jornal-da-seguranca-no-300.jpg 145w, https:\/\/www.bibliotecadeseguranca.com.br\/fr\/wp-content\/uploads\/2019\/08\/jornal-da-seguranca-no-300-106x150.jpg 106w\" sizes=\"auto, (max-width: 145px) 100vw, 145px\" \/>R\u00e9sum\u00e9:<\/strong><\/span> Queridos amigos, Completamos 300 Edi\u00e7\u00f5es e 25 anos de jornada! Com apenas 19 anos de idade, trabalhando no meu quarto com um modern\u00edssimo fax da Itautec e uma planilha de anota\u00e7\u00f5es manual que eu desenvolvi intuitivamente o que hoje os departamentos comerciais chamam de uma forma &#8220;charmosa&#8221; de funil de vendas. Eu n\u00e3o sabia exatamente onde iria chegar, o trabalho sempre foi quebrar &#8220;pedra bruta&#8221;, o tempo todo tentando marcar reuni\u00f5es com pessoas de dif\u00edcil acesso, para no final ser atendido em 10 minutos, mas foi um aprendizado valioso. Meu pai Carlos Caruso escrevia praticamente todo o conte\u00fado e meu irm\u00e3o Luciano Caruso me acompanhava nas visitas comerciais, nosso quartel general era nossa casa, guardo boas recorda\u00e7\u00f5es dessa \u00e9poca. Sempre tive a felicidade de trabalhar com grandes nomes ao meu lado, pessoas que se interessam pela causa e que enxergam valor nesta miss\u00e3o de elevar o conhecimento do Glorioso Setor de Seguran\u00e7a, que salva milhares de vidas e que \u00e9 t\u00e3o judiado pela grande m\u00eddia e mal compreendido pela sociedade. N\u00e3o posso me estender muito neste texto pois o espa\u00e7o aqui \u00e9 curto, mas vou mencionar alguns nomes que s\u00e3o muito importantes, pois ajudam a fazer com que esta obra se mantenha presente por muitos anos al\u00e9m: Carlos Caruso, Luciano Caruso, Regina Wersterestahl, Aureo Miraglia, Miriam Gaspar, Pedro Caprino, Fatima Barreira, Caio Farias, todos os membros do Conselho Editorial, cujo os nomes se encontram logo na coluna ao lado, a todos os leitores, anunciantes, amigos e par ceiros, muitos nomes n\u00e3o vou conseguir mencionar or pura falta de espa\u00e7o e por serem centenas, mas tenham certeza de que lembro de todos.<\/p>\n<p>Muita gratid\u00e3o e respeito.<\/p>\n<p>Na edi\u00e7\u00e3o 400 faremos nova comemora\u00e7\u00e3o!<\/p>\n<p>Grande abra\u00e7o a todos!<\/p>\n<p>F\u00e1bio Caruso &#8211; Diretor<\/p>\n<p><a href=\"https:\/\/www.bibliotecadeseguranca.com.br\/wp-content\/uploads\/2019\/08\/jornal-da-seguranca-no-300.pdf\" target=\"_blank\" rel=\"noopener\"><img loading=\"lazy\" decoding=\"async\" class=\"alignleft wp-image-12143 size-full\" src=\"https:\/\/www.bibliotecadeseguranca.com.br\/fr\/wp-content\/uploads\/2015\/03\/download_fr.gif\" alt=\"T\u00e9l\u00e9charger\" width=\"107\" height=\"25\" \/><\/a><\/p>\n","protected":false},"excerpt":{"rendered":"<p>R\u00e9sum\u00e9: Queridos amigos, Completamos 300 Edi\u00e7\u00f5es e 25 anos de jornada! Com apenas 19 anos de idade, trabalhando no meu quarto com um modern\u00edssimo fax da Itautec e uma planilha de anota\u00e7\u00f5es manual que eu desenvolvi intuitivamente o que hoje os departamentos comerciais chamam de uma forma &#8220;charmosa&#8221; de funil de vendas. Eu n\u00e3o sabia exatamente onde iria chegar, o trabalho sempre foi quebrar &#8220;pedra bruta&#8221;, o tempo todo tentando&hellip; <\/p>\n","protected":false},"author":3,"featured_media":15891,"comment_status":"open","ping_status":"closed","sticky":false,"template":"","format":"standard","meta":{"footnotes":""},"categories":[71,123,112],"tags":[],"class_list":["post-15890","post","type-post","status-publish","format-standard","has-post-thumbnail","hentry","category-periodicos-de-seguranca","category-jornal-da-seguranca","category-download"],"views":269,"_links":{"self":[{"href":"https:\/\/www.bibliotecadeseguranca.com.br\/fr\/wp-json\/wp\/v2\/posts\/15890","targetHints":{"allow":["GET"]}}],"collection":[{"href":"https:\/\/www.bibliotecadeseguranca.com.br\/fr\/wp-json\/wp\/v2\/posts"}],"about":[{"href":"https:\/\/www.bibliotecadeseguranca.com.br\/fr\/wp-json\/wp\/v2\/types\/post"}],"author":[{"embeddable":true,"href":"https:\/\/www.bibliotecadeseguranca.com.br\/fr\/wp-json\/wp\/v2\/users\/3"}],"replies":[{"embeddable":true,"href":"https:\/\/www.bibliotecadeseguranca.com.br\/fr\/wp-json\/wp\/v2\/comments?post=15890"}],"version-history":[{"count":1,"href":"https:\/\/www.bibliotecadeseguranca.com.br\/fr\/wp-json\/wp\/v2\/posts\/15890\/revisions"}],"predecessor-version":[{"id":15892,"href":"https:\/\/www.bibliotecadeseguranca.com.br\/fr\/wp-json\/wp\/v2\/posts\/15890\/revisions\/15892"}],"wp:featuredmedia":[{"embeddable":true,"href":"https:\/\/www.bibliotecadeseguranca.com.br\/fr\/wp-json\/wp\/v2\/media\/15891"}],"wp:attachment":[{"href":"https:\/\/www.bibliotecadeseguranca.com.br\/fr\/wp-json\/wp\/v2\/media?parent=15890"}],"wp:term":[{"taxonomy":"category","embeddable":true,"href":"https:\/\/www.bibliotecadeseguranca.com.br\/fr\/wp-json\/wp\/v2\/categories?post=15890"},{"taxonomy":"post_tag","embeddable":true,"href":"https:\/\/www.bibliotecadeseguranca.com.br\/fr\/wp-json\/wp\/v2\/tags?post=15890"}],"curies":[{"name":"wp","href":"https:\/\/api.w.org\/{rel}","templated":true}]}}