{"id":15855,"date":"2019-08-06T14:00:05","date_gmt":"2019-08-06T17:00:05","guid":{"rendered":"https:\/\/www.bibliotecadeseguranca.com.br\/fr\/?p=15855"},"modified":"2019-08-06T12:17:37","modified_gmt":"2019-08-06T15:17:37","slug":"lgpd-lei-geral-de-protecao-de-dados","status":"publish","type":"post","link":"https:\/\/www.bibliotecadeseguranca.com.br\/fr\/livros\/lgpd-lei-geral-de-protecao-de-dados\/","title":{"rendered":"LGPD &#8211; Lei Geral de Prote\u00e7\u00e3o de Dados"},"content":{"rendered":"<p><span style=\"color: #003366;\"><strong><img loading=\"lazy\" decoding=\"async\" class=\"alignleft size-full wp-image-15856\" src=\"https:\/\/www.bibliotecadeseguranca.com.br\/fr\/wp-content\/uploads\/2019\/08\/lgpd-lei-geral-de-protecao-de-dados.jpg\" alt=\"LGPD - Lei Geral de Prote\u00e7\u00e3o de Dados\" width=\"145\" height=\"205\" srcset=\"https:\/\/www.bibliotecadeseguranca.com.br\/fr\/wp-content\/uploads\/2019\/08\/lgpd-lei-geral-de-protecao-de-dados.jpg 145w, https:\/\/www.bibliotecadeseguranca.com.br\/fr\/wp-content\/uploads\/2019\/08\/lgpd-lei-geral-de-protecao-de-dados-106x150.jpg 106w\" sizes=\"auto, (max-width: 145px) 100vw, 145px\" \/>FIESP &#8211; CIESP<\/strong><\/span><\/p>\n<p><span style=\"color: #003366;\"><strong>R\u00e9sum\u00e9:<\/strong><\/span> Com a aprova\u00e7\u00e3o em 2018 da Lei Geral de Prote\u00e7\u00e3o de Dados Brasileira, fica ainda mais evidente a urg\u00eancia do assunto e necessidade de aten\u00e7\u00e3o da sociedade como um todo para o tratamento de dados pessoais coletados no dia a dia. Com a inten\u00e7\u00e3o de apoiar as Empresas no per\u00edodo de adequa\u00e7\u00e3o \u00e0 nova lei, a Federa\u00e7\u00e3o das Ind\u00fastrias do Estado de S\u00e3o Paulo, FIESP, e o Centro das Ind\u00fastrias do Estado de S\u00e3o Paulo, CIESP, elaboraram a Cartilha de Prote\u00e7\u00e3o de Dados Pessoais. Desde 2015, com a cria\u00e7\u00e3o de grupos de trabalho dedicados e atrav\u00e9s de Congressos e Semin\u00e1rios, a FIESP e o CIESP se debru\u00e7am sobre o tema da Seguran\u00e7a e Defesa Cibern\u00e9tica e promovem conhecimento para toda a sociedade.De forma objetiva e simplificada, a Cartilha apresenta as principais informa\u00e7\u00f5es sobre a nova Lei Geral de Prote\u00e7\u00e3o de Dados para que as empresas possam avaliar os riscos futuros de sua forma de atua\u00e7\u00e3o e planejar mudan\u00e7as e adequa\u00e7\u00e3o.<\/p>\n<p><a href=\"https:\/\/www.bibliotecadeseguranca.com.br\/wp-content\/uploads\/2019\/08\/lgpd-lei-geral-de-protecao-de-dados.pdf\" target=\"_blank\" rel=\"noopener\"><img loading=\"lazy\" decoding=\"async\" class=\"alignleft wp-image-12143 size-full\" src=\"https:\/\/www.bibliotecadeseguranca.com.br\/fr\/wp-content\/uploads\/2015\/03\/download_fr.gif\" alt=\"T\u00e9l\u00e9charger\" width=\"107\" height=\"25\" \/><\/a><\/p>\n","protected":false},"excerpt":{"rendered":"<p>FIESP &#8211; CIESP R\u00e9sum\u00e9: Com a aprova\u00e7\u00e3o em 2018 da Lei Geral de Prote\u00e7\u00e3o de Dados Brasileira, fica ainda mais evidente a urg\u00eancia do assunto e necessidade de aten\u00e7\u00e3o da sociedade como um todo para o tratamento de dados pessoais coletados no dia a dia. Com a inten\u00e7\u00e3o de apoiar as Empresas no per\u00edodo de adequa\u00e7\u00e3o \u00e0 nova lei, a Federa\u00e7\u00e3o das Ind\u00fastrias do Estado de S\u00e3o Paulo, FIESP, e&hellip; <\/p>\n","protected":false},"author":3,"featured_media":15856,"comment_status":"open","ping_status":"closed","sticky":false,"template":"","format":"standard","meta":{"footnotes":""},"categories":[6,20,112],"tags":[],"class_list":["post-15855","post","type-post","status-publish","format-standard","has-post-thumbnail","hentry","category-livros","category-seguranca-da-informacao","category-download"],"views":613,"_links":{"self":[{"href":"https:\/\/www.bibliotecadeseguranca.com.br\/fr\/wp-json\/wp\/v2\/posts\/15855","targetHints":{"allow":["GET"]}}],"collection":[{"href":"https:\/\/www.bibliotecadeseguranca.com.br\/fr\/wp-json\/wp\/v2\/posts"}],"about":[{"href":"https:\/\/www.bibliotecadeseguranca.com.br\/fr\/wp-json\/wp\/v2\/types\/post"}],"author":[{"embeddable":true,"href":"https:\/\/www.bibliotecadeseguranca.com.br\/fr\/wp-json\/wp\/v2\/users\/3"}],"replies":[{"embeddable":true,"href":"https:\/\/www.bibliotecadeseguranca.com.br\/fr\/wp-json\/wp\/v2\/comments?post=15855"}],"version-history":[{"count":1,"href":"https:\/\/www.bibliotecadeseguranca.com.br\/fr\/wp-json\/wp\/v2\/posts\/15855\/revisions"}],"predecessor-version":[{"id":15857,"href":"https:\/\/www.bibliotecadeseguranca.com.br\/fr\/wp-json\/wp\/v2\/posts\/15855\/revisions\/15857"}],"wp:featuredmedia":[{"embeddable":true,"href":"https:\/\/www.bibliotecadeseguranca.com.br\/fr\/wp-json\/wp\/v2\/media\/15856"}],"wp:attachment":[{"href":"https:\/\/www.bibliotecadeseguranca.com.br\/fr\/wp-json\/wp\/v2\/media?parent=15855"}],"wp:term":[{"taxonomy":"category","embeddable":true,"href":"https:\/\/www.bibliotecadeseguranca.com.br\/fr\/wp-json\/wp\/v2\/categories?post=15855"},{"taxonomy":"post_tag","embeddable":true,"href":"https:\/\/www.bibliotecadeseguranca.com.br\/fr\/wp-json\/wp\/v2\/tags?post=15855"}],"curies":[{"name":"wp","href":"https:\/\/api.w.org\/{rel}","templated":true}]}}