{"id":15846,"date":"2019-08-02T14:00:52","date_gmt":"2019-08-02T17:00:52","guid":{"rendered":"https:\/\/www.bibliotecadeseguranca.com.br\/fr\/?p=15846"},"modified":"2019-08-02T13:19:21","modified_gmt":"2019-08-02T16:19:21","slug":"mapeamento-de-competencias","status":"publish","type":"post","link":"https:\/\/www.bibliotecadeseguranca.com.br\/fr\/livros\/mapeamento-de-competencias\/","title":{"rendered":"Mapeamento de Compet\u00eancias"},"content":{"rendered":"<p><span style=\"color: #003366;\"><strong><img loading=\"lazy\" decoding=\"async\" class=\"alignleft size-full wp-image-15847\" src=\"https:\/\/www.bibliotecadeseguranca.com.br\/fr\/wp-content\/uploads\/2019\/08\/mapeamento-de-competencias.jpg\" alt=\"Mapeamento de Compet\u00eancias\" width=\"145\" height=\"208\" srcset=\"https:\/\/www.bibliotecadeseguranca.com.br\/fr\/wp-content\/uploads\/2019\/08\/mapeamento-de-competencias.jpg 145w, https:\/\/www.bibliotecadeseguranca.com.br\/fr\/wp-content\/uploads\/2019\/08\/mapeamento-de-competencias-105x150.jpg 105w\" sizes=\"auto, (max-width: 145px) 100vw, 145px\" \/>Hugo Pena Brand\u00e3o<\/strong><\/span><\/p>\n<p><span style=\"color: #003366;\"><strong>Maison d&#8217;\u00e9dition Atlas<\/strong><\/span><\/p>\n<p><span style=\"color: #003366;\"><strong>R\u00e9sum\u00e9:<\/strong><\/span> Com a emerg\u00eancia da Gest\u00e3o por Compet\u00eancias, grande discuss\u00e3o tem sido feita, tanto no meio acad\u00eamico como no ambiente organizacional, em torno do conceito de compet\u00eancia no trabalho, do processo de mapeamento de compet\u00eancias e de suas aplica\u00e7\u00f5es no campo da gest\u00e3o de pessoas. Reconhecida como boa pr\u00e1tica de gest\u00e3o, tornou-se frequente a ado\u00e7\u00e3o da Gest\u00e3o por Compet\u00eancias em organiza\u00e7\u00f5es p\u00fablicas e privadas, de diferentes ind\u00fastrias e ramos de atua\u00e7\u00e3o. Processo fundamental nesse contexto, o mapeamento das compet\u00eancias relevantes ao sucesso organizacional necessita ser realizado com precis\u00e3o, objetividade e rigor metodol\u00f3gico, para que possa orientar pr\u00e1ticas de gest\u00e3o de pessoas e assim produzir efeitos positivos sobre o desempenho dos profissionais, equipes de trabalho e da pr\u00f3pria organiza\u00e7\u00e3o. Este livro re\u00fane mais de 20 anos de experi\u00eancia do autor na condu\u00e7\u00e3o e orienta\u00e7\u00e3o de processos de mapeamento de compet\u00eancias em diferentes organiza\u00e7\u00f5es. Discorre sobre o conceito e a descri\u00e7\u00e3o operacional de compet\u00eancias, a gest\u00e3o por compet\u00eancias, os m\u00e9todos, as t\u00e9cnicas e instrumentos utilizados para mapeamento de compet\u00eancias e suas aplica\u00e7\u00f5es na gest\u00e3o de pessoas. Com o objetivo de instrumentalizar o leitor a conduzir adequadamente processos de mapeamento de compet\u00eancias em diferentes contextos organizacionais, a obra apresenta exemplos ilustrativos, descreve experi\u00eancias e oferece exerc\u00edcios pr\u00e1ticos e gabaritos comentados. Recomendado para profissionais da \u00e1rea de gest\u00e3o de pessoas, em especial \u00e0queles respons\u00e1veis por conduzir processos de mapeamento de compet\u00eancias. Livro-texto para a disciplina Gest\u00e3o por Compet\u00eancias e leitura complementar para as disciplinas Gest\u00e3o de Pessoas e Comportamento Organizacional de cursos de gradua\u00e7\u00e3o e p\u00f3s-gradua\u00e7\u00e3o nas \u00e1reas de Administra\u00e7\u00e3o e Psicologia Organizacional.<\/p>\n","protected":false},"excerpt":{"rendered":"<p>Hugo Pena Brand\u00e3o Maison d&#8217;\u00e9dition Atlas R\u00e9sum\u00e9: Com a emerg\u00eancia da Gest\u00e3o por Compet\u00eancias, grande discuss\u00e3o tem sido feita, tanto no meio acad\u00eamico como no ambiente organizacional, em torno do conceito de compet\u00eancia no trabalho, do processo de mapeamento de compet\u00eancias e de suas aplica\u00e7\u00f5es no campo da gest\u00e3o de pessoas. Reconhecida como boa pr\u00e1tica de gest\u00e3o, tornou-se frequente a ado\u00e7\u00e3o da Gest\u00e3o por Compet\u00eancias em organiza\u00e7\u00f5es p\u00fablicas e privadas,&hellip; <\/p>\n","protected":false},"author":3,"featured_media":15847,"comment_status":"open","ping_status":"closed","sticky":false,"template":"","format":"standard","meta":{"footnotes":""},"categories":[14,6],"tags":[],"class_list":["post-15846","post","type-post","status-publish","format-standard","has-post-thumbnail","hentry","category-administracao-e-estrategia-empresarial","category-livros"],"views":528,"_links":{"self":[{"href":"https:\/\/www.bibliotecadeseguranca.com.br\/fr\/wp-json\/wp\/v2\/posts\/15846","targetHints":{"allow":["GET"]}}],"collection":[{"href":"https:\/\/www.bibliotecadeseguranca.com.br\/fr\/wp-json\/wp\/v2\/posts"}],"about":[{"href":"https:\/\/www.bibliotecadeseguranca.com.br\/fr\/wp-json\/wp\/v2\/types\/post"}],"author":[{"embeddable":true,"href":"https:\/\/www.bibliotecadeseguranca.com.br\/fr\/wp-json\/wp\/v2\/users\/3"}],"replies":[{"embeddable":true,"href":"https:\/\/www.bibliotecadeseguranca.com.br\/fr\/wp-json\/wp\/v2\/comments?post=15846"}],"version-history":[{"count":1,"href":"https:\/\/www.bibliotecadeseguranca.com.br\/fr\/wp-json\/wp\/v2\/posts\/15846\/revisions"}],"predecessor-version":[{"id":15848,"href":"https:\/\/www.bibliotecadeseguranca.com.br\/fr\/wp-json\/wp\/v2\/posts\/15846\/revisions\/15848"}],"wp:featuredmedia":[{"embeddable":true,"href":"https:\/\/www.bibliotecadeseguranca.com.br\/fr\/wp-json\/wp\/v2\/media\/15847"}],"wp:attachment":[{"href":"https:\/\/www.bibliotecadeseguranca.com.br\/fr\/wp-json\/wp\/v2\/media?parent=15846"}],"wp:term":[{"taxonomy":"category","embeddable":true,"href":"https:\/\/www.bibliotecadeseguranca.com.br\/fr\/wp-json\/wp\/v2\/categories?post=15846"},{"taxonomy":"post_tag","embeddable":true,"href":"https:\/\/www.bibliotecadeseguranca.com.br\/fr\/wp-json\/wp\/v2\/tags?post=15846"}],"curies":[{"name":"wp","href":"https:\/\/api.w.org\/{rel}","templated":true}]}}