{"id":15839,"date":"2019-07-30T14:00:24","date_gmt":"2019-07-30T17:00:24","guid":{"rendered":"https:\/\/www.bibliotecadeseguranca.com.br\/fr\/?p=15839"},"modified":"2019-07-30T13:04:48","modified_gmt":"2019-07-30T16:04:48","slug":"las-amenazas-a-la-seguridad-internacional-hoy","status":"publish","type":"post","link":"https:\/\/www.bibliotecadeseguranca.com.br\/fr\/livros\/las-amenazas-a-la-seguridad-internacional-hoy\/","title":{"rendered":"Las Amenazas a la Seguridad Internacional hoy"},"content":{"rendered":"<p><span style=\"color: #003366;\"><strong><img loading=\"lazy\" decoding=\"async\" class=\"alignleft size-full wp-image-15840\" src=\"https:\/\/www.bibliotecadeseguranca.com.br\/fr\/wp-content\/uploads\/2019\/07\/las-amenazas-a-la-seguridad-internacional-hoy.jpg\" alt=\"Las Amenazas a la Seguridad Internacional hoy\" width=\"145\" height=\"204\" srcset=\"https:\/\/www.bibliotecadeseguranca.com.br\/fr\/wp-content\/uploads\/2019\/07\/las-amenazas-a-la-seguridad-internacional-hoy.jpg 145w, https:\/\/www.bibliotecadeseguranca.com.br\/fr\/wp-content\/uploads\/2019\/07\/las-amenazas-a-la-seguridad-internacional-hoy-107x150.jpg 107w\" sizes=\"auto, (max-width: 145px) 100vw, 145px\" \/>Carmen Mart\u00ednez Capdevila, Montserrat Abad Castelos, Rafael Casado Raig\u00f3n, Enrique J. Mart\u00ednez P\u00e9rez<\/strong><\/span><\/p>\n<p><span style=\"color: #003366;\"><strong>Maison d&#8217;\u00e9dition Tirant<\/strong><\/span><\/p>\n<p><span style=\"color: #003366;\"><strong>R\u00e9sum\u00e9:<\/strong><\/span> Hoy, la seguridad internacional se ve afectada, junto a los tradicionales conflictos territoriales o intervenciones armadas, por nuevas amenazas y preocupaciones, complejas y diversas, que, como en otras \u00e9pocas o etapas de la historia reciente o no tan reciente, afectan de manera cruel al hombre y a sus derechos fundamentales. Fruto del seminario organizado por la AEPDIRI en colaboraci\u00f3n con la Escuela Diplom\u00e1tica en octubre de 2016, este libro aborda el tema de las amenazas a la seguridad internacional hoy desde diferentes perspectivas: la del desarrollo, los derechos humanos y el medio ambiente, la del terrorismo, la seguridad colectiva y el uso de la fuerza y la de los conflictos armados y el Derecho internacional humanitario, en el entendido de que todas ellas est\u00e1n estrechamente relacionadas. Para los coordinadores de ese seminario, las presentaciones, ponencias y comunicaciones que con este libro se dan a conocer a la comunidad cient\u00edfica y al p\u00fablico en general en versi\u00f3n escrita ponen de manifiesto una vez m\u00e1s el talento y el rigor de la doctrina espa\u00f1ola en Derecho internacional.<\/p>\n","protected":false},"excerpt":{"rendered":"<p>Carmen Mart\u00ednez Capdevila, Montserrat Abad Castelos, Rafael Casado Raig\u00f3n, Enrique J. Mart\u00ednez P\u00e9rez Maison d&#8217;\u00e9dition Tirant R\u00e9sum\u00e9: Hoy, la seguridad internacional se ve afectada, junto a los tradicionales conflictos territoriales o intervenciones armadas, por nuevas amenazas y preocupaciones, complejas y diversas, que, como en otras \u00e9pocas o etapas de la historia reciente o no tan reciente, afectan de manera cruel al hombre y a sus derechos fundamentales. Fruto del seminario&hellip; <\/p>\n","protected":false},"author":3,"featured_media":15840,"comment_status":"open","ping_status":"closed","sticky":false,"template":"","format":"standard","meta":{"footnotes":""},"categories":[81,6,25],"tags":[],"class_list":["post-15839","post","type-post","status-publish","format-standard","has-post-thumbnail","hentry","category-espanol","category-livros","category-seguranca-publica-e-defesa"],"views":208,"_links":{"self":[{"href":"https:\/\/www.bibliotecadeseguranca.com.br\/fr\/wp-json\/wp\/v2\/posts\/15839","targetHints":{"allow":["GET"]}}],"collection":[{"href":"https:\/\/www.bibliotecadeseguranca.com.br\/fr\/wp-json\/wp\/v2\/posts"}],"about":[{"href":"https:\/\/www.bibliotecadeseguranca.com.br\/fr\/wp-json\/wp\/v2\/types\/post"}],"author":[{"embeddable":true,"href":"https:\/\/www.bibliotecadeseguranca.com.br\/fr\/wp-json\/wp\/v2\/users\/3"}],"replies":[{"embeddable":true,"href":"https:\/\/www.bibliotecadeseguranca.com.br\/fr\/wp-json\/wp\/v2\/comments?post=15839"}],"version-history":[{"count":1,"href":"https:\/\/www.bibliotecadeseguranca.com.br\/fr\/wp-json\/wp\/v2\/posts\/15839\/revisions"}],"predecessor-version":[{"id":15841,"href":"https:\/\/www.bibliotecadeseguranca.com.br\/fr\/wp-json\/wp\/v2\/posts\/15839\/revisions\/15841"}],"wp:featuredmedia":[{"embeddable":true,"href":"https:\/\/www.bibliotecadeseguranca.com.br\/fr\/wp-json\/wp\/v2\/media\/15840"}],"wp:attachment":[{"href":"https:\/\/www.bibliotecadeseguranca.com.br\/fr\/wp-json\/wp\/v2\/media?parent=15839"}],"wp:term":[{"taxonomy":"category","embeddable":true,"href":"https:\/\/www.bibliotecadeseguranca.com.br\/fr\/wp-json\/wp\/v2\/categories?post=15839"},{"taxonomy":"post_tag","embeddable":true,"href":"https:\/\/www.bibliotecadeseguranca.com.br\/fr\/wp-json\/wp\/v2\/tags?post=15839"}],"curies":[{"name":"wp","href":"https:\/\/api.w.org\/{rel}","templated":true}]}}