{"id":15823,"date":"2019-07-23T14:00:32","date_gmt":"2019-07-23T17:00:32","guid":{"rendered":"https:\/\/www.bibliotecadeseguranca.com.br\/fr\/?p=15823"},"modified":"2019-07-23T12:37:43","modified_gmt":"2019-07-23T15:37:43","slug":"tratados-sobre-terrorismo","status":"publish","type":"post","link":"https:\/\/www.bibliotecadeseguranca.com.br\/fr\/livros\/tratados-sobre-terrorismo\/","title":{"rendered":"Tratados sobre Terrorismo"},"content":{"rendered":"<p><span style=\"color: #003366;\"><strong><img loading=\"lazy\" decoding=\"async\" class=\"alignleft size-full wp-image-15824\" src=\"https:\/\/www.bibliotecadeseguranca.com.br\/fr\/wp-content\/uploads\/2019\/07\/tratados-sobre-terrorismo.jpg\" alt=\"Tratados sobre Terrorismo\" width=\"145\" height=\"205\" srcset=\"https:\/\/www.bibliotecadeseguranca.com.br\/fr\/wp-content\/uploads\/2019\/07\/tratados-sobre-terrorismo.jpg 145w, https:\/\/www.bibliotecadeseguranca.com.br\/fr\/wp-content\/uploads\/2019\/07\/tratados-sobre-terrorismo-106x150.jpg 106w\" sizes=\"auto, (max-width: 145px) 100vw, 145px\" \/>Minist\u00e9rio P\u00fablico Federal<\/strong><\/span><\/p>\n<p><span style=\"color: #003366;\"><strong>R\u00e9sum\u00e9:<\/strong><\/span> Embora o uso sistem\u00e1tico do terror como estrat\u00e9gia de a\u00e7\u00e3o remonte \u00e0 antiguida-de, sua estreia na agenda internacional deveu-se a atentados protagonizados por novos sic\u00e1rios: os movimentos separatistas, revolucion\u00e1rios, genocidas e supremacistas que ocuparam as manchetes de jornais nas d\u00e9cadas de 1970 a 1990. Nas palavras de Brian Jenkins, nascia a\u00ed o terrorismo transnacional, em que, reagindo aos avan\u00e7os tecnol\u00f3gicos e \u00e0 explos\u00e3o da influ\u00eancia da m\u00eddia, \u201cos terroristas cruzam fronteiras para atacar, escolhem alvos por suas conex\u00f5es com Estados e desviam avi\u00f5es para outros pa\u00edses\u201d.<br \/>\nA manh\u00e3 de 11 de setembro de 2001 mudaria para sempre esse cen\u00e1rio. Nenhuma iniciativa com tamanha envergadura simb\u00f3lica, operacional e letal ocorrera at\u00e9 ent\u00e3o, nem tivera tamanho \u00eaxito na difus\u00e3o de p\u00e2nico generalizado. Da noite para o dia, cida-d\u00e3os em todo o mundo deram-se conta de sua vulnerabilidade diante do inimigo \u2013 um algoz invis\u00edvel, imprevis\u00edvel, capaz de tirar a pr\u00f3pria vida para satisfazer a sua ambi\u00e7\u00e3o universal. A ocasi\u00e3o tamb\u00e9m trouxe \u00e0 tona os riscos \u00e0 seguran\u00e7a inerentes aos avan\u00e7os da p\u00f3s-modernidade, como a instantaneidade dos meios de comunica\u00e7\u00e3o, locomo\u00e7\u00e3o e movimenta\u00e7\u00e3o financeira, a depend\u00eancia digital e o acesso a armas de destrui\u00e7\u00e3o em massa.<br \/>\nNos anos que se seguiram, os atentados em Bali, Madri, Londres, Mumbai, Jacarta, Peshawar, Ancara, Paris e Baga, entre tantos que se espalharam mundo afora, consolidariam a percep\u00e7\u00e3o de que o terrorismo representa a maior amea\u00e7a \u00e0 seguran\u00e7a do s\u00e9culo XXI.<\/p>\n<p><a href=\"https:\/\/www.bibliotecadeseguranca.com.br\/wp-content\/uploads\/2019\/07\/tratados-sobre-terrorismo.pdf\" target=\"_blank\" rel=\"noopener\"><img loading=\"lazy\" decoding=\"async\" class=\"alignleft wp-image-12143 size-full\" src=\"https:\/\/www.bibliotecadeseguranca.com.br\/fr\/wp-content\/uploads\/2015\/03\/download_fr.gif\" alt=\"T\u00e9l\u00e9charger\" width=\"107\" height=\"25\" \/><\/a><\/p>\n","protected":false},"excerpt":{"rendered":"<p>Minist\u00e9rio P\u00fablico Federal R\u00e9sum\u00e9: Embora o uso sistem\u00e1tico do terror como estrat\u00e9gia de a\u00e7\u00e3o remonte \u00e0 antiguida-de, sua estreia na agenda internacional deveu-se a atentados protagonizados por novos sic\u00e1rios: os movimentos separatistas, revolucion\u00e1rios, genocidas e supremacistas que ocuparam as manchetes de jornais nas d\u00e9cadas de 1970 a 1990. Nas palavras de Brian Jenkins, nascia a\u00ed o terrorismo transnacional, em que, reagindo aos avan\u00e7os tecnol\u00f3gicos e \u00e0 explos\u00e3o da influ\u00eancia da&hellip; <\/p>\n","protected":false},"author":3,"featured_media":0,"comment_status":"open","ping_status":"closed","sticky":false,"template":"","format":"standard","meta":{"footnotes":""},"categories":[6,25,112],"tags":[],"class_list":["post-15823","post","type-post","status-publish","format-standard","hentry","category-livros","category-seguranca-publica-e-defesa","category-download"],"views":297,"_links":{"self":[{"href":"https:\/\/www.bibliotecadeseguranca.com.br\/fr\/wp-json\/wp\/v2\/posts\/15823","targetHints":{"allow":["GET"]}}],"collection":[{"href":"https:\/\/www.bibliotecadeseguranca.com.br\/fr\/wp-json\/wp\/v2\/posts"}],"about":[{"href":"https:\/\/www.bibliotecadeseguranca.com.br\/fr\/wp-json\/wp\/v2\/types\/post"}],"author":[{"embeddable":true,"href":"https:\/\/www.bibliotecadeseguranca.com.br\/fr\/wp-json\/wp\/v2\/users\/3"}],"replies":[{"embeddable":true,"href":"https:\/\/www.bibliotecadeseguranca.com.br\/fr\/wp-json\/wp\/v2\/comments?post=15823"}],"version-history":[{"count":1,"href":"https:\/\/www.bibliotecadeseguranca.com.br\/fr\/wp-json\/wp\/v2\/posts\/15823\/revisions"}],"predecessor-version":[{"id":15825,"href":"https:\/\/www.bibliotecadeseguranca.com.br\/fr\/wp-json\/wp\/v2\/posts\/15823\/revisions\/15825"}],"wp:attachment":[{"href":"https:\/\/www.bibliotecadeseguranca.com.br\/fr\/wp-json\/wp\/v2\/media?parent=15823"}],"wp:term":[{"taxonomy":"category","embeddable":true,"href":"https:\/\/www.bibliotecadeseguranca.com.br\/fr\/wp-json\/wp\/v2\/categories?post=15823"},{"taxonomy":"post_tag","embeddable":true,"href":"https:\/\/www.bibliotecadeseguranca.com.br\/fr\/wp-json\/wp\/v2\/tags?post=15823"}],"curies":[{"name":"wp","href":"https:\/\/api.w.org\/{rel}","templated":true}]}}