{"id":15812,"date":"2019-07-19T14:00:17","date_gmt":"2019-07-19T17:00:17","guid":{"rendered":"https:\/\/www.bibliotecadeseguranca.com.br\/fr\/?p=15812"},"modified":"2019-07-19T13:19:56","modified_gmt":"2019-07-19T16:19:56","slug":"governanca-corporativa-fundamentos-desenvolvimento-e-tendencias","status":"publish","type":"post","link":"https:\/\/www.bibliotecadeseguranca.com.br\/fr\/livros\/governanca-corporativa-fundamentos-desenvolvimento-e-tendencias\/","title":{"rendered":"Governan\u00e7a Corporativa: Fundamentos, Desenvolvimento e Tend\u00eancias"},"content":{"rendered":"<p><span style=\"color: #003366;\"><strong><img loading=\"lazy\" decoding=\"async\" class=\"alignleft size-full wp-image-15813\" src=\"https:\/\/www.bibliotecadeseguranca.com.br\/fr\/wp-content\/uploads\/2019\/07\/governanca-corporativa-fundamentos-desenvolvimento-e-tendencias.jpg\" alt=\"Governan\u00e7a Corporativa: Fundamentos, Desenvolvimento e Tend\u00eancias\" width=\"155\" height=\"220\" srcset=\"https:\/\/www.bibliotecadeseguranca.com.br\/fr\/wp-content\/uploads\/2019\/07\/governanca-corporativa-fundamentos-desenvolvimento-e-tendencias.jpg 155w, https:\/\/www.bibliotecadeseguranca.com.br\/fr\/wp-content\/uploads\/2019\/07\/governanca-corporativa-fundamentos-desenvolvimento-e-tendencias-106x150.jpg 106w\" sizes=\"auto, (max-width: 155px) 100vw, 155px\" \/>Jos\u00e9 Paschoal Rossetti, Adriana Andrade<\/strong><\/span><\/p>\n<p><span style=\"color: #003366;\"><strong>Maison d&#8217;\u00e9dition Atlas<\/strong><\/span><\/p>\n<p><span style=\"color: #003366;\"><strong>R\u00e9sum\u00e9:<\/strong><\/span> A Governan\u00e7a Corporativa n\u00e3o se apresenta com um desenho \u00fanico, uniformemente aplic\u00e1vel, igual em todos os pa\u00edses. Por isso, h\u00e1 v\u00e1rias interpreta\u00e7\u00f5es dispon\u00edveis e tamb\u00e9m v\u00e1rios conceitos. Al\u00e9m disso, ela envolve quest\u00f5es legais, macroecon\u00f4micas, financeiras, estrat\u00e9gicas e de gest\u00e3o, amarradas \u00e0s diferentes condi\u00e7\u00f5es culturais dos pa\u00edses. A obra traz uma sele\u00e7\u00e3o de conceitos bem fundamentada, diferenciada quanto aos seus elementos determinantes e apresentada com muita clareza. O texto \u00e9 apresentado permeando por quadros e figuras originais, evidenciando cuidados com a sequencia\u00e7\u00e3o e a constru\u00e7\u00e3o logica da exposi\u00e7\u00e3o. O livro mescla a an\u00e1lise gerencial das pr\u00e1ticas de alta gest\u00e3o com as evid\u00eancias da investiga\u00e7\u00e3o acad\u00eamica, com resultados de pesquisas de campo de consultorias e com proposi\u00e7\u00f5es de institui\u00e7\u00f5es de mercado. O resultado \u00e9 uma obra expositiva, elegante, did\u00e1tica e abrangente. A obra contextualiza a governan\u00e7a corporativa no Brasil. Avalia com objetividade as quest\u00f5es cruciais da governan\u00e7a em nosso pa\u00eds: a concentra\u00e7\u00e3o acion\u00e1ria, a sobreposi\u00e7\u00e3o propriedade-gest\u00e3o, a fraca prote\u00e7\u00e3o aos minorit\u00e1rios e a express\u00e3o ainda diminuta do mercado de capitais. Os autores destacaram elementos-chave como 8Ps da governan\u00e7a propriedade, princ\u00edpios, prop\u00f3sitos, pap\u00e9is, poder, pr\u00e1ticas, pessoas e perpetuidade, s\u00e3o repetidos em todos os cap\u00edtulos. Eles indicam uma clara preocupa\u00e7\u00e3o com a funcionalidade da governan\u00e7a corporativa. E se nota tamb\u00e9m a alta \u00eanfase que atribuem a padr\u00f5es de lideran\u00e7a de alta qualidade, pois s\u00e3o as pessoas que, nas companhias, est\u00e3o \u00e0 frente dos modelos praticados e, portanto, as quest\u00f5es de qualifica\u00e7\u00e3o, comprometimento e integridade s\u00e3o centrais na implementa\u00e7\u00e3o de uma governan\u00e7a eficaz. S\u00e3o apontadas no final da obra quatro tend\u00eancias da governan\u00e7a corporativa: converg\u00eancia, ades\u00e3o, diferencia\u00e7\u00e3o e abrang\u00eancia. Elas apontam para o futuro e s\u00e3o uma s\u00edntese do pensamento bem fundamentado dos autores. \u00c0 medida que se realizarem, levar\u00e3o a um mundo corporativo mais bem governado e mais equilibrado.<\/p>\n","protected":false},"excerpt":{"rendered":"<p>Jos\u00e9 Paschoal Rossetti, Adriana Andrade Maison d&#8217;\u00e9dition Atlas R\u00e9sum\u00e9: A Governan\u00e7a Corporativa n\u00e3o se apresenta com um desenho \u00fanico, uniformemente aplic\u00e1vel, igual em todos os pa\u00edses. Por isso, h\u00e1 v\u00e1rias interpreta\u00e7\u00f5es dispon\u00edveis e tamb\u00e9m v\u00e1rios conceitos. Al\u00e9m disso, ela envolve quest\u00f5es legais, macroecon\u00f4micas, financeiras, estrat\u00e9gicas e de gest\u00e3o, amarradas \u00e0s diferentes condi\u00e7\u00f5es culturais dos pa\u00edses. A obra traz uma sele\u00e7\u00e3o de conceitos bem fundamentada, diferenciada quanto aos seus elementos determinantes&hellip; <\/p>\n","protected":false},"author":3,"featured_media":15813,"comment_status":"open","ping_status":"closed","sticky":false,"template":"","format":"standard","meta":{"footnotes":""},"categories":[14,6],"tags":[],"class_list":["post-15812","post","type-post","status-publish","format-standard","has-post-thumbnail","hentry","category-administracao-e-estrategia-empresarial","category-livros"],"views":286,"_links":{"self":[{"href":"https:\/\/www.bibliotecadeseguranca.com.br\/fr\/wp-json\/wp\/v2\/posts\/15812","targetHints":{"allow":["GET"]}}],"collection":[{"href":"https:\/\/www.bibliotecadeseguranca.com.br\/fr\/wp-json\/wp\/v2\/posts"}],"about":[{"href":"https:\/\/www.bibliotecadeseguranca.com.br\/fr\/wp-json\/wp\/v2\/types\/post"}],"author":[{"embeddable":true,"href":"https:\/\/www.bibliotecadeseguranca.com.br\/fr\/wp-json\/wp\/v2\/users\/3"}],"replies":[{"embeddable":true,"href":"https:\/\/www.bibliotecadeseguranca.com.br\/fr\/wp-json\/wp\/v2\/comments?post=15812"}],"version-history":[{"count":1,"href":"https:\/\/www.bibliotecadeseguranca.com.br\/fr\/wp-json\/wp\/v2\/posts\/15812\/revisions"}],"predecessor-version":[{"id":15814,"href":"https:\/\/www.bibliotecadeseguranca.com.br\/fr\/wp-json\/wp\/v2\/posts\/15812\/revisions\/15814"}],"wp:featuredmedia":[{"embeddable":true,"href":"https:\/\/www.bibliotecadeseguranca.com.br\/fr\/wp-json\/wp\/v2\/media\/15813"}],"wp:attachment":[{"href":"https:\/\/www.bibliotecadeseguranca.com.br\/fr\/wp-json\/wp\/v2\/media?parent=15812"}],"wp:term":[{"taxonomy":"category","embeddable":true,"href":"https:\/\/www.bibliotecadeseguranca.com.br\/fr\/wp-json\/wp\/v2\/categories?post=15812"},{"taxonomy":"post_tag","embeddable":true,"href":"https:\/\/www.bibliotecadeseguranca.com.br\/fr\/wp-json\/wp\/v2\/tags?post=15812"}],"curies":[{"name":"wp","href":"https:\/\/api.w.org\/{rel}","templated":true}]}}