{"id":15807,"date":"2019-07-18T14:00:58","date_gmt":"2019-07-18T17:00:58","guid":{"rendered":"https:\/\/www.bibliotecadeseguranca.com.br\/fr\/?p=15807"},"modified":"2019-07-18T13:18:35","modified_gmt":"2019-07-18T16:18:35","slug":"seguridad-publica-y-policia-administrativa-de-seguridad","status":"publish","type":"post","link":"https:\/\/www.bibliotecadeseguranca.com.br\/fr\/livros\/seguridad-publica-y-policia-administrativa-de-seguridad\/","title":{"rendered":"Seguridad P\u00fablica y Polic\u00eda Administrativa de Seguridad"},"content":{"rendered":"<p><span style=\"color: #003366;\"><strong><img loading=\"lazy\" decoding=\"async\" class=\"alignleft size-full wp-image-15808\" src=\"https:\/\/www.bibliotecadeseguranca.com.br\/fr\/wp-content\/uploads\/2019\/07\/seguridad-publica-y-policia-administrativa-de-seguridad.jpg\" alt=\"Seguridad P\u00fablica y Polic\u00eda Administrativa de Seguridad\" width=\"145\" height=\"236\" srcset=\"https:\/\/www.bibliotecadeseguranca.com.br\/fr\/wp-content\/uploads\/2019\/07\/seguridad-publica-y-policia-administrativa-de-seguridad.jpg 145w, https:\/\/www.bibliotecadeseguranca.com.br\/fr\/wp-content\/uploads\/2019\/07\/seguridad-publica-y-policia-administrativa-de-seguridad-92x150.jpg 92w\" sizes=\"auto, (max-width: 145px) 100vw, 145px\" \/>Luciano Parejo Alfonso<\/strong><\/span><\/p>\n<p><span style=\"color: #003366;\"><strong>Maison d&#8217;\u00e9dition Tirant Lo Blanch<\/strong><\/span><\/p>\n<p><span style=\"color: #003366;\"><strong>R\u00e9sum\u00e9:<\/strong><\/span> I. El derecho y la direcci\u00f3n y el control social. Las relaciones en esta funci\u00f3n, entre el derecho penal y el derecho administrativo II. El estado actual de la seguridad y el orden p\u00fablico III. Los fundamentos de la necesaria reorganizaci\u00f3n de la polic\u00eda administrativa de seguridad p\u00fablica IV. Los nuevos factores de perturbaci\u00f3n de la decantaci\u00f3n y el desarrollo de la polic\u00eda administrativa de seguridad y orden p\u00fablicos.<\/p>\n","protected":false},"excerpt":{"rendered":"<p>Luciano Parejo Alfonso Maison d&#8217;\u00e9dition Tirant Lo Blanch R\u00e9sum\u00e9: I. El derecho y la direcci\u00f3n y el control social. Las relaciones en esta funci\u00f3n, entre el derecho penal y el derecho administrativo II. El estado actual de la seguridad y el orden p\u00fablico III. Los fundamentos de la necesaria reorganizaci\u00f3n de la polic\u00eda administrativa de seguridad p\u00fablica IV. Los nuevos factores de perturbaci\u00f3n de la decantaci\u00f3n y el desarrollo de&hellip; <\/p>\n","protected":false},"author":3,"featured_media":15808,"comment_status":"open","ping_status":"closed","sticky":false,"template":"","format":"standard","meta":{"footnotes":""},"categories":[81,6,25],"tags":[],"class_list":["post-15807","post","type-post","status-publish","format-standard","has-post-thumbnail","hentry","category-espanol","category-livros","category-seguranca-publica-e-defesa"],"views":139,"_links":{"self":[{"href":"https:\/\/www.bibliotecadeseguranca.com.br\/fr\/wp-json\/wp\/v2\/posts\/15807","targetHints":{"allow":["GET"]}}],"collection":[{"href":"https:\/\/www.bibliotecadeseguranca.com.br\/fr\/wp-json\/wp\/v2\/posts"}],"about":[{"href":"https:\/\/www.bibliotecadeseguranca.com.br\/fr\/wp-json\/wp\/v2\/types\/post"}],"author":[{"embeddable":true,"href":"https:\/\/www.bibliotecadeseguranca.com.br\/fr\/wp-json\/wp\/v2\/users\/3"}],"replies":[{"embeddable":true,"href":"https:\/\/www.bibliotecadeseguranca.com.br\/fr\/wp-json\/wp\/v2\/comments?post=15807"}],"version-history":[{"count":1,"href":"https:\/\/www.bibliotecadeseguranca.com.br\/fr\/wp-json\/wp\/v2\/posts\/15807\/revisions"}],"predecessor-version":[{"id":15809,"href":"https:\/\/www.bibliotecadeseguranca.com.br\/fr\/wp-json\/wp\/v2\/posts\/15807\/revisions\/15809"}],"wp:featuredmedia":[{"embeddable":true,"href":"https:\/\/www.bibliotecadeseguranca.com.br\/fr\/wp-json\/wp\/v2\/media\/15808"}],"wp:attachment":[{"href":"https:\/\/www.bibliotecadeseguranca.com.br\/fr\/wp-json\/wp\/v2\/media?parent=15807"}],"wp:term":[{"taxonomy":"category","embeddable":true,"href":"https:\/\/www.bibliotecadeseguranca.com.br\/fr\/wp-json\/wp\/v2\/categories?post=15807"},{"taxonomy":"post_tag","embeddable":true,"href":"https:\/\/www.bibliotecadeseguranca.com.br\/fr\/wp-json\/wp\/v2\/tags?post=15807"}],"curies":[{"name":"wp","href":"https:\/\/api.w.org\/{rel}","templated":true}]}}