{"id":15793,"date":"2019-07-12T14:00:41","date_gmt":"2019-07-12T17:00:41","guid":{"rendered":"https:\/\/www.bibliotecadeseguranca.com.br\/fr\/?p=15793"},"modified":"2019-07-12T13:19:34","modified_gmt":"2019-07-12T16:19:34","slug":"jornal-da-seguranca-no-245","status":"publish","type":"post","link":"https:\/\/www.bibliotecadeseguranca.com.br\/fr\/periodicos-de-seguranca\/jornal-da-seguranca-no-245\/","title":{"rendered":"Jornal da Seguran\u00e7a \u2013 N\u00ba 245"},"content":{"rendered":"<p><span style=\"color: #003366;\"><strong><img loading=\"lazy\" decoding=\"async\" class=\"alignleft size-full wp-image-15794\" src=\"https:\/\/www.bibliotecadeseguranca.com.br\/fr\/wp-content\/uploads\/2019\/07\/jornal-da-seguranca-no-245.jpg\" alt=\"Jornal da Seguran\u00e7a \u2013 N\u00ba 245\" width=\"145\" height=\"205\" srcset=\"https:\/\/www.bibliotecadeseguranca.com.br\/fr\/wp-content\/uploads\/2019\/07\/jornal-da-seguranca-no-245.jpg 145w, https:\/\/www.bibliotecadeseguranca.com.br\/fr\/wp-content\/uploads\/2019\/07\/jornal-da-seguranca-no-245-106x150.jpg 106w\" sizes=\"auto, (max-width: 145px) 100vw, 145px\" \/>R\u00e9sum\u00e9:<\/strong><\/span> Caros amigos, Nesse m\u00eas trazemos mais uma vez, em destaque, uma mat\u00e9ria sobre a intera\u00e7\u00e3o entre a seguran\u00e7a privada e a p\u00fablica, anseio de todos os que atuam na \u00e1rea e que sabem que a sinergia entre os dois setores \u00e9 extremamente necess\u00e1ria para a eficaz prote\u00e7\u00e3o de pessoas e bens. Afinal, para o usu\u00e1rio de espa\u00e7os semip\u00fablicos como est\u00e1dios, casas de shows, shoppings, hospitais, universidades e outros, n\u00e3o importa quem \u00e9 o respons\u00e1vel pela seguran\u00e7a, desde que essa prote\u00e7\u00e3o seja eficaz. O sucesso da seguran\u00e7a na Copa do Mundo deixou esse legado: \u00e9 poss\u00edvel trabalhar em conjunto, otimizando as a\u00e7\u00f5es policiais em situa\u00e7\u00f5es mais relevantes e s\u00e9rias. Esse \u00e9 um caminho que n\u00e3o tem volta. Seja atrav\u00e9s de opera\u00e7\u00f5es de grande vulto, como os eventos, seja na intera\u00e7\u00e3o de informa\u00e7\u00f5es e tecnologia, proposto pela Secretaria de Seguran\u00e7a P\u00fablica. Todos temos a ganhar com isso. Tamb\u00e9m nessa edi\u00e7\u00e3o, trazemos uma reportagem sobre os Cursos Superiores de Gest\u00e3o em Seguran\u00e7a da FATEJ &#8211; Faculdade de Tecnologia Jardim, de Santo Andr\u00e9, que tem feito a diferen\u00e7a no ensino especializado em nosso mercado. Artigos sobre Seguran\u00e7a em Universidades, Planejamento, Seguran\u00e7a Contra Raios, e Seguran\u00e7a Pessoal completam o conte\u00fado desse primeiro n\u00famero de 2015!<\/p>\n<p>A todos, um \u00f3timo ano!<\/p>\n<p>F\u00e1bio Caruso &#8211; Diretor<\/p>\n<p><a href=\"https:\/\/www.bibliotecadeseguranca.com.br\/wp-content\/uploads\/2019\/07\/jornal-da-seguranca-no-245.pdf\" target=\"_blank\" rel=\"noopener\"><img loading=\"lazy\" decoding=\"async\" class=\"alignleft wp-image-12143 size-full\" src=\"https:\/\/www.bibliotecadeseguranca.com.br\/fr\/wp-content\/uploads\/2015\/03\/download_fr.gif\" alt=\"T\u00e9l\u00e9charger\" width=\"107\" height=\"25\" \/><\/a><\/p>\n","protected":false},"excerpt":{"rendered":"<p>R\u00e9sum\u00e9: Caros amigos, Nesse m\u00eas trazemos mais uma vez, em destaque, uma mat\u00e9ria sobre a intera\u00e7\u00e3o entre a seguran\u00e7a privada e a p\u00fablica, anseio de todos os que atuam na \u00e1rea e que sabem que a sinergia entre os dois setores \u00e9 extremamente necess\u00e1ria para a eficaz prote\u00e7\u00e3o de pessoas e bens. Afinal, para o usu\u00e1rio de espa\u00e7os semip\u00fablicos como est\u00e1dios, casas de shows, shoppings, hospitais, universidades e outros, n\u00e3o&hellip; <\/p>\n","protected":false},"author":3,"featured_media":15794,"comment_status":"open","ping_status":"closed","sticky":false,"template":"","format":"standard","meta":{"footnotes":""},"categories":[71,123],"tags":[],"class_list":["post-15793","post","type-post","status-publish","format-standard","has-post-thumbnail","hentry","category-periodicos-de-seguranca","category-jornal-da-seguranca"],"views":194,"_links":{"self":[{"href":"https:\/\/www.bibliotecadeseguranca.com.br\/fr\/wp-json\/wp\/v2\/posts\/15793","targetHints":{"allow":["GET"]}}],"collection":[{"href":"https:\/\/www.bibliotecadeseguranca.com.br\/fr\/wp-json\/wp\/v2\/posts"}],"about":[{"href":"https:\/\/www.bibliotecadeseguranca.com.br\/fr\/wp-json\/wp\/v2\/types\/post"}],"author":[{"embeddable":true,"href":"https:\/\/www.bibliotecadeseguranca.com.br\/fr\/wp-json\/wp\/v2\/users\/3"}],"replies":[{"embeddable":true,"href":"https:\/\/www.bibliotecadeseguranca.com.br\/fr\/wp-json\/wp\/v2\/comments?post=15793"}],"version-history":[{"count":1,"href":"https:\/\/www.bibliotecadeseguranca.com.br\/fr\/wp-json\/wp\/v2\/posts\/15793\/revisions"}],"predecessor-version":[{"id":15795,"href":"https:\/\/www.bibliotecadeseguranca.com.br\/fr\/wp-json\/wp\/v2\/posts\/15793\/revisions\/15795"}],"wp:featuredmedia":[{"embeddable":true,"href":"https:\/\/www.bibliotecadeseguranca.com.br\/fr\/wp-json\/wp\/v2\/media\/15794"}],"wp:attachment":[{"href":"https:\/\/www.bibliotecadeseguranca.com.br\/fr\/wp-json\/wp\/v2\/media?parent=15793"}],"wp:term":[{"taxonomy":"category","embeddable":true,"href":"https:\/\/www.bibliotecadeseguranca.com.br\/fr\/wp-json\/wp\/v2\/categories?post=15793"},{"taxonomy":"post_tag","embeddable":true,"href":"https:\/\/www.bibliotecadeseguranca.com.br\/fr\/wp-json\/wp\/v2\/tags?post=15793"}],"curies":[{"name":"wp","href":"https:\/\/api.w.org\/{rel}","templated":true}]}}