{"id":15784,"date":"2019-07-08T14:00:34","date_gmt":"2019-07-08T17:00:34","guid":{"rendered":"https:\/\/www.bibliotecadeseguranca.com.br\/fr\/?p=15784"},"modified":"2019-07-08T12:36:46","modified_gmt":"2019-07-08T15:36:46","slug":"crime-organizado-no-brasil-e-os-meios-de-repressao-e-prevencao","status":"publish","type":"post","link":"https:\/\/www.bibliotecadeseguranca.com.br\/fr\/livros\/crime-organizado-no-brasil-e-os-meios-de-repressao-e-prevencao\/","title":{"rendered":"Crime Organizado no Brasil e os Meios de Repress\u00e3o e Preven\u00e7\u00e3o"},"content":{"rendered":"<p><span style=\"color: #003366;\"><strong><img loading=\"lazy\" decoding=\"async\" class=\"alignleft size-full wp-image-15785\" src=\"https:\/\/www.bibliotecadeseguranca.com.br\/fr\/wp-content\/uploads\/2019\/07\/crime-organizado-no-brasil-e-os-meios-de-repressao-e-prevencao.jpg\" alt=\"Crime Organizado no Brasil e os Meios de Repress\u00e3o e Preven\u00e7\u00e3o\" width=\"145\" height=\"218\" srcset=\"https:\/\/www.bibliotecadeseguranca.com.br\/fr\/wp-content\/uploads\/2019\/07\/crime-organizado-no-brasil-e-os-meios-de-repressao-e-prevencao.jpg 145w, https:\/\/www.bibliotecadeseguranca.com.br\/fr\/wp-content\/uploads\/2019\/07\/crime-organizado-no-brasil-e-os-meios-de-repressao-e-prevencao-100x150.jpg 100w\" sizes=\"auto, (max-width: 145px) 100vw, 145px\" \/>Filipe Ferreira da Silva<\/strong><\/span><\/p>\n<p><span style=\"color: #003366;\"><strong>R\u00e9sum\u00e9:<\/strong><\/span> A presente obra demostra e esclarece quest\u00f5es controvertidas acerca da conceitua\u00e7\u00e3o legal do crime organizado, e retrata de forma detalhada os meios de repress\u00e3o e preven\u00e7\u00e3o presentes na lei n\u00b0 12850\/2013.<br \/>\nSabemos que o crime organizado \u00e9 uma realidade em todas as grandes metr\u00f3poles do mundo, e no Brasil n\u00e3o \u00e9 diferente, no entanto temos aqui muitas quest\u00f5es de ordem pr\u00e1tica, que tornam a an\u00e1lise deste tipo penal singular.<br \/>\nFoi em 2013, ano que entrou em vigor a lei n\u00b0 12850\/13, que se deu a regulamenta\u00e7\u00e3o dos mecanismos de combate ao crime organizado no formato que conhecemos hoje, entre as principais medidas deste dispositivo legal, dentre outras que ser\u00e3o abordadas, podemos destacar: a infiltra\u00e7\u00e3o de agentes policiais, (pol\u00edcia civil e federal), e a a\u00e7\u00e3o controlada.<br \/>\nAntes do implemento da citada lei, algumas disposi\u00e7\u00f5es sobre os meios de investiga\u00e7\u00e3o e preven\u00e7\u00e3o de tal modalidade criminosa eram encontradas de forma esparsa e deficiente, tendo sempre em seu arcabou\u00e7o legal os preceitos apresentados pela conven\u00e7\u00e3o de palermo (Conven\u00e7\u00e3o das Na\u00e7\u00f5es Unidas contra o Crime Organizado Transnacional, adotada em Nova York, em 15 de novembro de 2000) internalizada no Brasil no decreto n\u00b0 5015 de Mar\u00e7o de 2004, o que por sua vez gerava grande inseguran\u00e7a jur\u00eddica na aplica\u00e7\u00e3o destes institutos legais no caso concreto.<br \/>\n\u00c9 diante destas controv\u00e9rsias t\u00e9cnicas e legais que este livro remonta a expressiva e lenta evolu\u00e7\u00e3o legislativas da lei de combate ao crime organizado, que se mostra, apesar de bem elaborada e capaz de combater o crime organizado, insuficiente, pois trata-se de recurso \u00fanico, uma vez que de modo geral o poder p\u00fablico n\u00e3o demostra vontade pol\u00edtica em combater esta forma de crime, criando mecanismos de pol\u00edtica criminal ineficazes e despenalizadores, o que afirma a incapacidade estatal frente ao crime organizado e demostra a fragilidade de suas pol\u00edticas p\u00fablicas.<\/p>\n","protected":false},"excerpt":{"rendered":"<p>Filipe Ferreira da Silva R\u00e9sum\u00e9: A presente obra demostra e esclarece quest\u00f5es controvertidas acerca da conceitua\u00e7\u00e3o legal do crime organizado, e retrata de forma detalhada os meios de repress\u00e3o e preven\u00e7\u00e3o presentes na lei n\u00b0 12850\/2013. Sabemos que o crime organizado \u00e9 uma realidade em todas as grandes metr\u00f3poles do mundo, e no Brasil n\u00e3o \u00e9 diferente, no entanto temos aqui muitas quest\u00f5es de ordem pr\u00e1tica, que tornam a an\u00e1lise&hellip; <\/p>\n","protected":false},"author":3,"featured_media":15785,"comment_status":"open","ping_status":"closed","sticky":false,"template":"","format":"standard","meta":{"footnotes":""},"categories":[6,25],"tags":[],"class_list":["post-15784","post","type-post","status-publish","format-standard","has-post-thumbnail","hentry","category-livros","category-seguranca-publica-e-defesa"],"views":286,"_links":{"self":[{"href":"https:\/\/www.bibliotecadeseguranca.com.br\/fr\/wp-json\/wp\/v2\/posts\/15784","targetHints":{"allow":["GET"]}}],"collection":[{"href":"https:\/\/www.bibliotecadeseguranca.com.br\/fr\/wp-json\/wp\/v2\/posts"}],"about":[{"href":"https:\/\/www.bibliotecadeseguranca.com.br\/fr\/wp-json\/wp\/v2\/types\/post"}],"author":[{"embeddable":true,"href":"https:\/\/www.bibliotecadeseguranca.com.br\/fr\/wp-json\/wp\/v2\/users\/3"}],"replies":[{"embeddable":true,"href":"https:\/\/www.bibliotecadeseguranca.com.br\/fr\/wp-json\/wp\/v2\/comments?post=15784"}],"version-history":[{"count":1,"href":"https:\/\/www.bibliotecadeseguranca.com.br\/fr\/wp-json\/wp\/v2\/posts\/15784\/revisions"}],"predecessor-version":[{"id":15786,"href":"https:\/\/www.bibliotecadeseguranca.com.br\/fr\/wp-json\/wp\/v2\/posts\/15784\/revisions\/15786"}],"wp:featuredmedia":[{"embeddable":true,"href":"https:\/\/www.bibliotecadeseguranca.com.br\/fr\/wp-json\/wp\/v2\/media\/15785"}],"wp:attachment":[{"href":"https:\/\/www.bibliotecadeseguranca.com.br\/fr\/wp-json\/wp\/v2\/media?parent=15784"}],"wp:term":[{"taxonomy":"category","embeddable":true,"href":"https:\/\/www.bibliotecadeseguranca.com.br\/fr\/wp-json\/wp\/v2\/categories?post=15784"},{"taxonomy":"post_tag","embeddable":true,"href":"https:\/\/www.bibliotecadeseguranca.com.br\/fr\/wp-json\/wp\/v2\/tags?post=15784"}],"curies":[{"name":"wp","href":"https:\/\/api.w.org\/{rel}","templated":true}]}}