{"id":15741,"date":"2019-06-20T14:00:43","date_gmt":"2019-06-20T17:00:43","guid":{"rendered":"https:\/\/www.bibliotecadeseguranca.com.br\/fr\/?p=15741"},"modified":"2019-06-20T13:22:12","modified_gmt":"2019-06-20T16:22:12","slug":"seguridad-publica-profesionalizacion-de-los-policias","status":"publish","type":"post","link":"https:\/\/www.bibliotecadeseguranca.com.br\/fr\/livros\/seguridad-publica-profesionalizacion-de-los-policias\/","title":{"rendered":"Seguridad Publica &#8211; Profesionalizacion de los Policias"},"content":{"rendered":"<p><span style=\"color: #003366;\"><strong><img loading=\"lazy\" decoding=\"async\" class=\"alignleft size-full wp-image-15742\" src=\"https:\/\/www.bibliotecadeseguranca.com.br\/fr\/wp-content\/uploads\/2019\/06\/seguridad-publica-profesionalizacion-de-los-policias.jpg\" alt=\"Seguridad Publica - Profesionalizacion de los Policias\" width=\"145\" height=\"214\" srcset=\"https:\/\/www.bibliotecadeseguranca.com.br\/fr\/wp-content\/uploads\/2019\/06\/seguridad-publica-profesionalizacion-de-los-policias.jpg 145w, https:\/\/www.bibliotecadeseguranca.com.br\/fr\/wp-content\/uploads\/2019\/06\/seguridad-publica-profesionalizacion-de-los-policias-102x150.jpg 102w\" sizes=\"auto, (max-width: 145px) 100vw, 145px\" \/>Octavio Alberto Orellana Wiarco<\/strong><\/span><\/p>\n<p><span style=\"color: #003366;\"><strong>Maison d&#8217;\u00e9dition Porrua<\/strong><\/span><\/p>\n<p><span style=\"color: #003366;\"><strong>R\u00e9sum\u00e9:<\/strong><\/span> La profesionalizaci\u00f3n de los polic\u00edas es un tema poco abordado en referencia a la Seguridad P\u00fablica. El autor de esta obra se ocupa de \u00e9l desde diversos \u00e1ngulos. A partir del que refiere ser una instituci\u00f3n del Estado y como tal su implicaci\u00f3n con el control social y su relaci\u00f3n con las corrientes criminol\u00f3gicas que han explicado las pol\u00edticas criminales y la intervenci\u00f3n de la polic\u00eda como instituci\u00f3n de control formal.<\/p>\n","protected":false},"excerpt":{"rendered":"<p>Octavio Alberto Orellana Wiarco Maison d&#8217;\u00e9dition Porrua R\u00e9sum\u00e9: La profesionalizaci\u00f3n de los polic\u00edas es un tema poco abordado en referencia a la Seguridad P\u00fablica. El autor de esta obra se ocupa de \u00e9l desde diversos \u00e1ngulos. A partir del que refiere ser una instituci\u00f3n del Estado y como tal su implicaci\u00f3n con el control social y su relaci\u00f3n con las corrientes criminol\u00f3gicas que han explicado las pol\u00edticas criminales y la&hellip; <\/p>\n","protected":false},"author":3,"featured_media":15742,"comment_status":"open","ping_status":"closed","sticky":false,"template":"","format":"standard","meta":{"footnotes":""},"categories":[81,6,25],"tags":[],"class_list":["post-15741","post","type-post","status-publish","format-standard","has-post-thumbnail","hentry","category-espanol","category-livros","category-seguranca-publica-e-defesa"],"views":165,"_links":{"self":[{"href":"https:\/\/www.bibliotecadeseguranca.com.br\/fr\/wp-json\/wp\/v2\/posts\/15741","targetHints":{"allow":["GET"]}}],"collection":[{"href":"https:\/\/www.bibliotecadeseguranca.com.br\/fr\/wp-json\/wp\/v2\/posts"}],"about":[{"href":"https:\/\/www.bibliotecadeseguranca.com.br\/fr\/wp-json\/wp\/v2\/types\/post"}],"author":[{"embeddable":true,"href":"https:\/\/www.bibliotecadeseguranca.com.br\/fr\/wp-json\/wp\/v2\/users\/3"}],"replies":[{"embeddable":true,"href":"https:\/\/www.bibliotecadeseguranca.com.br\/fr\/wp-json\/wp\/v2\/comments?post=15741"}],"version-history":[{"count":1,"href":"https:\/\/www.bibliotecadeseguranca.com.br\/fr\/wp-json\/wp\/v2\/posts\/15741\/revisions"}],"predecessor-version":[{"id":15743,"href":"https:\/\/www.bibliotecadeseguranca.com.br\/fr\/wp-json\/wp\/v2\/posts\/15741\/revisions\/15743"}],"wp:featuredmedia":[{"embeddable":true,"href":"https:\/\/www.bibliotecadeseguranca.com.br\/fr\/wp-json\/wp\/v2\/media\/15742"}],"wp:attachment":[{"href":"https:\/\/www.bibliotecadeseguranca.com.br\/fr\/wp-json\/wp\/v2\/media?parent=15741"}],"wp:term":[{"taxonomy":"category","embeddable":true,"href":"https:\/\/www.bibliotecadeseguranca.com.br\/fr\/wp-json\/wp\/v2\/categories?post=15741"},{"taxonomy":"post_tag","embeddable":true,"href":"https:\/\/www.bibliotecadeseguranca.com.br\/fr\/wp-json\/wp\/v2\/tags?post=15741"}],"curies":[{"name":"wp","href":"https:\/\/api.w.org\/{rel}","templated":true}]}}