{"id":15734,"date":"2019-06-17T14:00:04","date_gmt":"2019-06-17T17:00:04","guid":{"rendered":"https:\/\/www.bibliotecadeseguranca.com.br\/fr\/?p=15734"},"modified":"2019-06-17T12:52:54","modified_gmt":"2019-06-17T15:52:54","slug":"seguranca-publica-5","status":"publish","type":"post","link":"https:\/\/www.bibliotecadeseguranca.com.br\/fr\/livros\/seguranca-publica-5\/","title":{"rendered":"Seguran\u00e7a P\u00fablica"},"content":{"rendered":"<p><span style=\"color: #003366;\"><strong><img loading=\"lazy\" decoding=\"async\" class=\"alignleft size-full wp-image-15735\" src=\"https:\/\/www.bibliotecadeseguranca.com.br\/fr\/wp-content\/uploads\/2019\/06\/seguranca-publica.jpg\" alt=\"Seguran\u00e7a P\u00fablica\" width=\"145\" height=\"202\" srcset=\"https:\/\/www.bibliotecadeseguranca.com.br\/fr\/wp-content\/uploads\/2019\/06\/seguranca-publica.jpg 145w, https:\/\/www.bibliotecadeseguranca.com.br\/fr\/wp-content\/uploads\/2019\/06\/seguranca-publica-108x150.jpg 108w\" sizes=\"auto, (max-width: 145px) 100vw, 145px\" \/>Rodrigo Foureaux<\/strong><\/span><\/p>\n<p><span style=\"color: #003366;\"><strong>Maison d&#8217;\u00e9dition Juspodivm<\/strong><\/span><\/p>\n<p><span style=\"color: #003366;\"><strong>R\u00e9sum\u00e9:<\/strong><\/span> Com os elevados \u00edndices criminais que o pa\u00eds vem apresentando, a atua\u00e7\u00e3o policial sofre bastante com os reflexos dessa escalada vertiginosa do crime. O agente de seguran\u00e7a p\u00fablica que est\u00e1 na chamada &#8220;ponta da linha&#8221; precisa e anseia por uma melhor capacita\u00e7\u00e3o profissional, para lhe proporcionar uma atua\u00e7\u00e3o sempre dentro do princ\u00edpio da legalidade.<br \/>\nEsta obra surge exatamente alinhada com esse anseio dos profissionais e justamente em um momento muito oportuno, quando as for\u00e7as policiais t\u00eam se deparado com decis\u00f5es judiciais que nos remetem \u00e0 reflex\u00e3o, sobre os reais pap\u00e9is das institui\u00e7\u00f5es de seguran\u00e7a p\u00fablica no pa\u00eds.<br \/>\nEsta obra est\u00e1 \u00e0 altura do meu irm\u00e3o, padrinho e compadre Rodrigo Foureaux, que com excel\u00eancia soube tratar e abordar, de forma brilhante, a complexidade da Seguran\u00e7a P\u00fablica, por meio de um texto objetivo, fluido e pr\u00e1tico.<br \/>\nAo idealizar esta obra, o autor utilizou-se de sua experi\u00eancia como Oficial da Pol\u00edcia Militar de Minas Gerais e da sua atual realidade como Juiz de Direito. A conjuga\u00e7\u00e3o de conhecimentos das duas \u00e1reas resultou nesta obra-prima, que passa a ser um referencial te\u00f3rico e pr\u00e1tico para todos os que atuam na seguran\u00e7a p\u00fablica em nosso pa\u00eds.<br \/>\nPor fim, manifesto toda minha gratid\u00e3o, admira\u00e7\u00e3o e respeito a esse amigo\/irm\u00e3o que sempre se dedica muito em tudo que faz e que hoje nos oferta um pouco de sua grande sabedoria e conhecimento, com a apresenta\u00e7\u00e3o deste grande livro, o qual, com toda certeza, vai figurar como pe\u00e7a indispens\u00e1vel nas bibliotecas policiais de todo o Brasil. Parab\u00e9ns e sucesso, voc\u00ea de fato faz toda a diferen\u00e7a!<\/p>\n","protected":false},"excerpt":{"rendered":"<p>Rodrigo Foureaux Maison d&#8217;\u00e9dition Juspodivm R\u00e9sum\u00e9: Com os elevados \u00edndices criminais que o pa\u00eds vem apresentando, a atua\u00e7\u00e3o policial sofre bastante com os reflexos dessa escalada vertiginosa do crime. O agente de seguran\u00e7a p\u00fablica que est\u00e1 na chamada &#8220;ponta da linha&#8221; precisa e anseia por uma melhor capacita\u00e7\u00e3o profissional, para lhe proporcionar uma atua\u00e7\u00e3o sempre dentro do princ\u00edpio da legalidade. Esta obra surge exatamente alinhada com esse anseio dos profissionais&hellip; <\/p>\n","protected":false},"author":3,"featured_media":15735,"comment_status":"open","ping_status":"closed","sticky":false,"template":"","format":"standard","meta":{"footnotes":""},"categories":[6,25],"tags":[],"class_list":["post-15734","post","type-post","status-publish","format-standard","has-post-thumbnail","hentry","category-livros","category-seguranca-publica-e-defesa"],"views":107,"_links":{"self":[{"href":"https:\/\/www.bibliotecadeseguranca.com.br\/fr\/wp-json\/wp\/v2\/posts\/15734","targetHints":{"allow":["GET"]}}],"collection":[{"href":"https:\/\/www.bibliotecadeseguranca.com.br\/fr\/wp-json\/wp\/v2\/posts"}],"about":[{"href":"https:\/\/www.bibliotecadeseguranca.com.br\/fr\/wp-json\/wp\/v2\/types\/post"}],"author":[{"embeddable":true,"href":"https:\/\/www.bibliotecadeseguranca.com.br\/fr\/wp-json\/wp\/v2\/users\/3"}],"replies":[{"embeddable":true,"href":"https:\/\/www.bibliotecadeseguranca.com.br\/fr\/wp-json\/wp\/v2\/comments?post=15734"}],"version-history":[{"count":1,"href":"https:\/\/www.bibliotecadeseguranca.com.br\/fr\/wp-json\/wp\/v2\/posts\/15734\/revisions"}],"predecessor-version":[{"id":15736,"href":"https:\/\/www.bibliotecadeseguranca.com.br\/fr\/wp-json\/wp\/v2\/posts\/15734\/revisions\/15736"}],"wp:featuredmedia":[{"embeddable":true,"href":"https:\/\/www.bibliotecadeseguranca.com.br\/fr\/wp-json\/wp\/v2\/media\/15735"}],"wp:attachment":[{"href":"https:\/\/www.bibliotecadeseguranca.com.br\/fr\/wp-json\/wp\/v2\/media?parent=15734"}],"wp:term":[{"taxonomy":"category","embeddable":true,"href":"https:\/\/www.bibliotecadeseguranca.com.br\/fr\/wp-json\/wp\/v2\/categories?post=15734"},{"taxonomy":"post_tag","embeddable":true,"href":"https:\/\/www.bibliotecadeseguranca.com.br\/fr\/wp-json\/wp\/v2\/tags?post=15734"}],"curies":[{"name":"wp","href":"https:\/\/api.w.org\/{rel}","templated":true}]}}