{"id":15712,"date":"2019-06-07T14:00:39","date_gmt":"2019-06-07T17:00:39","guid":{"rendered":"https:\/\/www.bibliotecadeseguranca.com.br\/fr\/?p=15712"},"modified":"2019-06-07T12:29:40","modified_gmt":"2019-06-07T15:29:40","slug":"atlas-da-violencia-2019","status":"publish","type":"post","link":"https:\/\/www.bibliotecadeseguranca.com.br\/fr\/livros\/atlas-da-violencia-2019\/","title":{"rendered":"Atlas da Viol\u00eancia \u2013 2019"},"content":{"rendered":"<p><span style=\"color: #003366;\"><strong><img loading=\"lazy\" decoding=\"async\" class=\"alignleft size-full wp-image-15713\" src=\"https:\/\/www.bibliotecadeseguranca.com.br\/fr\/wp-content\/uploads\/2019\/06\/atlas-da-violencia-2019.jpg\" alt=\"Atlas da Viol\u00eancia \u2013 2019\" width=\"145\" height=\"205\" srcset=\"https:\/\/www.bibliotecadeseguranca.com.br\/fr\/wp-content\/uploads\/2019\/06\/atlas-da-violencia-2019.jpg 145w, https:\/\/www.bibliotecadeseguranca.com.br\/fr\/wp-content\/uploads\/2019\/06\/atlas-da-violencia-2019-106x150.jpg 106w\" sizes=\"auto, (max-width: 145px) 100vw, 145px\" \/>R\u00e9sum\u00e9:<\/strong><\/span> Neste Atlas da Viol\u00eancia 2019, produzido pelo Ipea e pelo F\u00f3rum Brasileiro de Seguran\u00e7a P\u00fablica (FBSP), constru\u00edmos e analisamos in\u00fameros indicadores para melhor compreender o processo de acentuada viol\u00eancia no pa\u00eds. Os n\u00fameros de \u00f3bitos s\u00e3o contabilizados a partir da Classifica\u00e7\u00e3o Internacional de Doen\u00e7as (CID-10) como eventos que envolvem agress\u00f5es e \u00f3bitos provocados por interven\u00e7\u00e3o legal (c\u00f3digos X85-Y09 e Y35-Y36). A Classifica\u00e7\u00e3o Internacional de Doen\u00e7as \u00e9 publicada pela Organiza\u00e7\u00e3o Mundial de Sa\u00fade (OMS) e padroniza a codifica\u00e7\u00e3o de doen\u00e7as e mortalidade por causas externas em todo o mundo desde 1893. Os dados divulgados referem-se ao per\u00edodo de 2007 a 2017, considerando as informa\u00e7\u00f5es mais recentes tabuladas pelo Sistema de Informa\u00e7\u00f5es sobre Mortalidade (SIM) e divulgadas no site do Departamento de Inform\u00e1tica do SUS \u2013 DATASUS.<\/p>\n<p><a href=\"https:\/\/www.bibliotecadeseguranca.com.br\/wp-content\/uploads\/2019\/06\/atlas-da-violencia-2019.pdf\" target=\"_blank\" rel=\"noopener\"><img loading=\"lazy\" decoding=\"async\" class=\"alignleft wp-image-12143 size-full\" src=\"https:\/\/www.bibliotecadeseguranca.com.br\/fr\/wp-content\/uploads\/2015\/03\/download_fr.gif\" alt=\"T\u00e9l\u00e9charger\" width=\"107\" height=\"25\" \/><\/a><\/p>\n","protected":false},"excerpt":{"rendered":"<p>R\u00e9sum\u00e9: Neste Atlas da Viol\u00eancia 2019, produzido pelo Ipea e pelo F\u00f3rum Brasileiro de Seguran\u00e7a P\u00fablica (FBSP), constru\u00edmos e analisamos in\u00fameros indicadores para melhor compreender o processo de acentuada viol\u00eancia no pa\u00eds. Os n\u00fameros de \u00f3bitos s\u00e3o contabilizados a partir da Classifica\u00e7\u00e3o Internacional de Doen\u00e7as (CID-10) como eventos que envolvem agress\u00f5es e \u00f3bitos provocados por interven\u00e7\u00e3o legal (c\u00f3digos X85-Y09 e Y35-Y36). A Classifica\u00e7\u00e3o Internacional de Doen\u00e7as \u00e9 publicada pela Organiza\u00e7\u00e3o&hellip; <\/p>\n","protected":false},"author":3,"featured_media":15713,"comment_status":"open","ping_status":"closed","sticky":false,"template":"","format":"standard","meta":{"footnotes":""},"categories":[6,25,112],"tags":[],"class_list":["post-15712","post","type-post","status-publish","format-standard","has-post-thumbnail","hentry","category-livros","category-seguranca-publica-e-defesa","category-download"],"views":217,"_links":{"self":[{"href":"https:\/\/www.bibliotecadeseguranca.com.br\/fr\/wp-json\/wp\/v2\/posts\/15712","targetHints":{"allow":["GET"]}}],"collection":[{"href":"https:\/\/www.bibliotecadeseguranca.com.br\/fr\/wp-json\/wp\/v2\/posts"}],"about":[{"href":"https:\/\/www.bibliotecadeseguranca.com.br\/fr\/wp-json\/wp\/v2\/types\/post"}],"author":[{"embeddable":true,"href":"https:\/\/www.bibliotecadeseguranca.com.br\/fr\/wp-json\/wp\/v2\/users\/3"}],"replies":[{"embeddable":true,"href":"https:\/\/www.bibliotecadeseguranca.com.br\/fr\/wp-json\/wp\/v2\/comments?post=15712"}],"version-history":[{"count":1,"href":"https:\/\/www.bibliotecadeseguranca.com.br\/fr\/wp-json\/wp\/v2\/posts\/15712\/revisions"}],"predecessor-version":[{"id":15714,"href":"https:\/\/www.bibliotecadeseguranca.com.br\/fr\/wp-json\/wp\/v2\/posts\/15712\/revisions\/15714"}],"wp:featuredmedia":[{"embeddable":true,"href":"https:\/\/www.bibliotecadeseguranca.com.br\/fr\/wp-json\/wp\/v2\/media\/15713"}],"wp:attachment":[{"href":"https:\/\/www.bibliotecadeseguranca.com.br\/fr\/wp-json\/wp\/v2\/media?parent=15712"}],"wp:term":[{"taxonomy":"category","embeddable":true,"href":"https:\/\/www.bibliotecadeseguranca.com.br\/fr\/wp-json\/wp\/v2\/categories?post=15712"},{"taxonomy":"post_tag","embeddable":true,"href":"https:\/\/www.bibliotecadeseguranca.com.br\/fr\/wp-json\/wp\/v2\/tags?post=15712"}],"curies":[{"name":"wp","href":"https:\/\/api.w.org\/{rel}","templated":true}]}}