{"id":15703,"date":"2019-06-03T14:00:23","date_gmt":"2019-06-03T17:00:23","guid":{"rendered":"https:\/\/www.bibliotecadeseguranca.com.br\/fr\/?p=15703"},"modified":"2019-06-03T12:37:59","modified_gmt":"2019-06-03T15:37:59","slug":"anuario-da-protecao-de-dados-2019","status":"publish","type":"post","link":"https:\/\/www.bibliotecadeseguranca.com.br\/fr\/livros\/anuario-da-protecao-de-dados-2019\/","title":{"rendered":"Anu\u00e1rio da Prote\u00e7\u00e3o de Dados 2019"},"content":{"rendered":"<p><span style=\"color: #003366;\"><strong><img loading=\"lazy\" decoding=\"async\" class=\"alignleft size-full wp-image-15704\" src=\"https:\/\/www.bibliotecadeseguranca.com.br\/fr\/wp-content\/uploads\/2019\/06\/anuario-da-protecao-de-dados-2019.jpg\" alt=\"Anu\u00e1rio da Prote\u00e7\u00e3o de Dados 2019\" width=\"145\" height=\"205\" srcset=\"https:\/\/www.bibliotecadeseguranca.com.br\/fr\/wp-content\/uploads\/2019\/06\/anuario-da-protecao-de-dados-2019.jpg 145w, https:\/\/www.bibliotecadeseguranca.com.br\/fr\/wp-content\/uploads\/2019\/06\/anuario-da-protecao-de-dados-2019-106x150.jpg 106w\" sizes=\"auto, (max-width: 145px) 100vw, 145px\" \/>Francisco Pereira Coutinho, Gra\u00e7a Canto Moniz<\/strong><\/span><\/p>\n<p><span style=\"color: #003366;\"><strong>R\u00e9sum\u00e9:<\/strong><\/span> O Anu\u00e1rio da Prote\u00e7\u00e3o de Dados \u00e9 uma revista jur\u00eddica de livre acesso, dispon\u00edvel em linha no s\u00edtio http:\/\/protecaodedados.ue.cedis.fd.unl.pt\/, que pretende divulgar estudos doutrin\u00e1rios sobre o direito da prote\u00e7\u00e3o de dados pessoais. A revista \u00e9 editada desde 2018 pelo Observat\u00f3rio para a Prote\u00e7\u00e3o de Dados pessoais, um grupo de investiga\u00e7\u00e3o criado em 2016 no CEDIS \u2013 Centro de I &amp; D sobre Direito e Sociedade da Faculdade de Direito da Universidade Nova de Lisboa.Os nove artigos publicado na edi\u00e7\u00e3o de 2019 do Anu\u00e1rio resultam de uma chamada lan\u00e7ada em setembro de 2018 no s\u00edtio da internet do Observat\u00f3rio para a Prote\u00e7\u00e3o de Dados Pessoais. Os textos foram depois selecionados e revistos pelos coordenadores do Anu\u00e1rio. Aos autores foi permitido escreverem de acordo com a nova ou a antiga grafia.O Anu\u00e1rio inicia-se com um texto da autoria de S\u00e9rgio Henriques e de Jo\u00e3o Lu\u00eds sobre os fundamentos de licitude para o tratamento de dados pessoais no contexto laboral, em que \u00e9 dado especial destaque ao consentimento.<\/p>\n<p><a href=\"https:\/\/www.bibliotecadeseguranca.com.br\/wp-content\/uploads\/2019\/06\/anuario-da-protecao-de-dados-2019.pdf\" target=\"_blank\" rel=\"noopener\"><img loading=\"lazy\" decoding=\"async\" class=\"alignleft wp-image-12143 size-full\" src=\"https:\/\/www.bibliotecadeseguranca.com.br\/fr\/wp-content\/uploads\/2015\/03\/download_fr.gif\" alt=\"T\u00e9l\u00e9charger\" width=\"107\" height=\"25\" \/><\/a><\/p>\n","protected":false},"excerpt":{"rendered":"<p>Francisco Pereira Coutinho, Gra\u00e7a Canto Moniz R\u00e9sum\u00e9: O Anu\u00e1rio da Prote\u00e7\u00e3o de Dados \u00e9 uma revista jur\u00eddica de livre acesso, dispon\u00edvel em linha no s\u00edtio http:\/\/protecaodedados.ue.cedis.fd.unl.pt\/, que pretende divulgar estudos doutrin\u00e1rios sobre o direito da prote\u00e7\u00e3o de dados pessoais. A revista \u00e9 editada desde 2018 pelo Observat\u00f3rio para a Prote\u00e7\u00e3o de Dados pessoais, um grupo de investiga\u00e7\u00e3o criado em 2016 no CEDIS \u2013 Centro de I &amp; D sobre Direito&hellip; <\/p>\n","protected":false},"author":3,"featured_media":15704,"comment_status":"open","ping_status":"closed","sticky":false,"template":"","format":"standard","meta":{"footnotes":""},"categories":[6,20,112],"tags":[],"class_list":["post-15703","post","type-post","status-publish","format-standard","has-post-thumbnail","hentry","category-livros","category-seguranca-da-informacao","category-download"],"views":177,"_links":{"self":[{"href":"https:\/\/www.bibliotecadeseguranca.com.br\/fr\/wp-json\/wp\/v2\/posts\/15703","targetHints":{"allow":["GET"]}}],"collection":[{"href":"https:\/\/www.bibliotecadeseguranca.com.br\/fr\/wp-json\/wp\/v2\/posts"}],"about":[{"href":"https:\/\/www.bibliotecadeseguranca.com.br\/fr\/wp-json\/wp\/v2\/types\/post"}],"author":[{"embeddable":true,"href":"https:\/\/www.bibliotecadeseguranca.com.br\/fr\/wp-json\/wp\/v2\/users\/3"}],"replies":[{"embeddable":true,"href":"https:\/\/www.bibliotecadeseguranca.com.br\/fr\/wp-json\/wp\/v2\/comments?post=15703"}],"version-history":[{"count":1,"href":"https:\/\/www.bibliotecadeseguranca.com.br\/fr\/wp-json\/wp\/v2\/posts\/15703\/revisions"}],"predecessor-version":[{"id":15705,"href":"https:\/\/www.bibliotecadeseguranca.com.br\/fr\/wp-json\/wp\/v2\/posts\/15703\/revisions\/15705"}],"wp:featuredmedia":[{"embeddable":true,"href":"https:\/\/www.bibliotecadeseguranca.com.br\/fr\/wp-json\/wp\/v2\/media\/15704"}],"wp:attachment":[{"href":"https:\/\/www.bibliotecadeseguranca.com.br\/fr\/wp-json\/wp\/v2\/media?parent=15703"}],"wp:term":[{"taxonomy":"category","embeddable":true,"href":"https:\/\/www.bibliotecadeseguranca.com.br\/fr\/wp-json\/wp\/v2\/categories?post=15703"},{"taxonomy":"post_tag","embeddable":true,"href":"https:\/\/www.bibliotecadeseguranca.com.br\/fr\/wp-json\/wp\/v2\/tags?post=15703"}],"curies":[{"name":"wp","href":"https:\/\/api.w.org\/{rel}","templated":true}]}}