{"id":15696,"date":"2019-05-31T14:00:26","date_gmt":"2019-05-31T17:00:26","guid":{"rendered":"https:\/\/www.bibliotecadeseguranca.com.br\/fr\/?p=15696"},"modified":"2019-05-31T10:30:17","modified_gmt":"2019-05-31T13:30:17","slug":"fuerzas-armadas-y-seguridad-publica","status":"publish","type":"post","link":"https:\/\/www.bibliotecadeseguranca.com.br\/fr\/livros\/fuerzas-armadas-y-seguridad-publica\/","title":{"rendered":"Fuerzas Armadas y Seguridad P\u00fablica"},"content":{"rendered":"<p><span style=\"color: #003366;\"><strong><img loading=\"lazy\" decoding=\"async\" class=\"alignleft size-full wp-image-15697\" src=\"https:\/\/www.bibliotecadeseguranca.com.br\/fr\/wp-content\/uploads\/2019\/05\/fuerzas-armadas-y-seguridad-publica.jpg\" alt=\"Fuerzas Armadas y Seguridad P\u00fablica\" width=\"145\" height=\"204\" srcset=\"https:\/\/www.bibliotecadeseguranca.com.br\/fr\/wp-content\/uploads\/2019\/05\/fuerzas-armadas-y-seguridad-publica.jpg 145w, https:\/\/www.bibliotecadeseguranca.com.br\/fr\/wp-content\/uploads\/2019\/05\/fuerzas-armadas-y-seguridad-publica-107x150.jpg 107w\" sizes=\"auto, (max-width: 145px) 100vw, 145px\" \/>Miguel Angel Ballesteros Mart\u00edn<\/strong><\/span><\/p>\n<p><span style=\"color: #003366;\"><strong>Maison d&#8217;\u00e9dition Estudis jur\u00eddics<\/strong><\/span><\/p>\n<p><span style=\"color: #003366;\"><strong>R\u00e9sum\u00e9:<\/strong><\/span> La colaboraci\u00f3n de distintos autores, estrechamente vinculados con el mundo del Derecho y proyectos sobre el terrorismo y las Fuerzas Armadas, nos ofrece una perspectiva interdisciplinaria sobre la seguridad p\u00fablica que desarrollan hoy en d\u00eda las Fuerzas Armadas para solventar los problemas relacionados con la inmigraci\u00f3n y el terrorismo. En cuanto a este \u00faltimo punto, b\u00e1sicamente se pretende que el lector pueda extraer reflexiones objetivas sobre esta lacra, con la esperanza de que le permitan vislumbrar el tan deseado fin de la misma.<\/p>\n","protected":false},"excerpt":{"rendered":"<p>Miguel Angel Ballesteros Mart\u00edn Maison d&#8217;\u00e9dition Estudis jur\u00eddics R\u00e9sum\u00e9: La colaboraci\u00f3n de distintos autores, estrechamente vinculados con el mundo del Derecho y proyectos sobre el terrorismo y las Fuerzas Armadas, nos ofrece una perspectiva interdisciplinaria sobre la seguridad p\u00fablica que desarrollan hoy en d\u00eda las Fuerzas Armadas para solventar los problemas relacionados con la inmigraci\u00f3n y el terrorismo. En cuanto a este \u00faltimo punto, b\u00e1sicamente se pretende que el lector&hellip; <\/p>\n","protected":false},"author":3,"featured_media":15697,"comment_status":"open","ping_status":"closed","sticky":false,"template":"","format":"standard","meta":{"footnotes":""},"categories":[81,6,25],"tags":[],"class_list":["post-15696","post","type-post","status-publish","format-standard","has-post-thumbnail","hentry","category-espanol","category-livros","category-seguranca-publica-e-defesa"],"views":161,"_links":{"self":[{"href":"https:\/\/www.bibliotecadeseguranca.com.br\/fr\/wp-json\/wp\/v2\/posts\/15696","targetHints":{"allow":["GET"]}}],"collection":[{"href":"https:\/\/www.bibliotecadeseguranca.com.br\/fr\/wp-json\/wp\/v2\/posts"}],"about":[{"href":"https:\/\/www.bibliotecadeseguranca.com.br\/fr\/wp-json\/wp\/v2\/types\/post"}],"author":[{"embeddable":true,"href":"https:\/\/www.bibliotecadeseguranca.com.br\/fr\/wp-json\/wp\/v2\/users\/3"}],"replies":[{"embeddable":true,"href":"https:\/\/www.bibliotecadeseguranca.com.br\/fr\/wp-json\/wp\/v2\/comments?post=15696"}],"version-history":[{"count":1,"href":"https:\/\/www.bibliotecadeseguranca.com.br\/fr\/wp-json\/wp\/v2\/posts\/15696\/revisions"}],"predecessor-version":[{"id":15698,"href":"https:\/\/www.bibliotecadeseguranca.com.br\/fr\/wp-json\/wp\/v2\/posts\/15696\/revisions\/15698"}],"wp:featuredmedia":[{"embeddable":true,"href":"https:\/\/www.bibliotecadeseguranca.com.br\/fr\/wp-json\/wp\/v2\/media\/15697"}],"wp:attachment":[{"href":"https:\/\/www.bibliotecadeseguranca.com.br\/fr\/wp-json\/wp\/v2\/media?parent=15696"}],"wp:term":[{"taxonomy":"category","embeddable":true,"href":"https:\/\/www.bibliotecadeseguranca.com.br\/fr\/wp-json\/wp\/v2\/categories?post=15696"},{"taxonomy":"post_tag","embeddable":true,"href":"https:\/\/www.bibliotecadeseguranca.com.br\/fr\/wp-json\/wp\/v2\/tags?post=15696"}],"curies":[{"name":"wp","href":"https:\/\/api.w.org\/{rel}","templated":true}]}}