{"id":15665,"date":"2019-05-17T14:00:00","date_gmt":"2019-05-17T17:00:00","guid":{"rendered":"http:\/\/www.bibliotecadeseguranca.com.br\/fr\/?p=15665"},"modified":"2019-05-17T12:23:59","modified_gmt":"2019-05-17T15:23:59","slug":"organizacoes-criminosas-aspectos-penais-e-processuais-da-lei-no-12-850-13","status":"publish","type":"post","link":"https:\/\/www.bibliotecadeseguranca.com.br\/fr\/livros\/organizacoes-criminosas-aspectos-penais-e-processuais-da-lei-no-12-850-13\/","title":{"rendered":"Organiza\u00e7\u00f5es Criminosas: Aspectos Penais e Processuais da Lei N\u00ba 12.850\/13"},"content":{"rendered":"<p><span style=\"color: #003366;\"><strong><img loading=\"lazy\" decoding=\"async\" class=\"alignleft size-full wp-image-15666\" src=\"http:\/\/www.bibliotecadeseguranca.com.br\/fr\/wp-content\/uploads\/2019\/05\/organizacoes-criminosas-aspectos-penais-e-processuais-da-lei-no-12-850-13.jpg\" alt=\"Organiza\u00e7\u00f5es Criminosas: Aspectos Penais e Processuais da Lei N\u00ba 12.850\/13\" width=\"145\" height=\"204\" srcset=\"https:\/\/www.bibliotecadeseguranca.com.br\/fr\/wp-content\/uploads\/2019\/05\/organizacoes-criminosas-aspectos-penais-e-processuais-da-lei-no-12-850-13.jpg 145w, https:\/\/www.bibliotecadeseguranca.com.br\/fr\/wp-content\/uploads\/2019\/05\/organizacoes-criminosas-aspectos-penais-e-processuais-da-lei-no-12-850-13-107x150.jpg 107w\" sizes=\"auto, (max-width: 145px) 100vw, 145px\" \/>Eduardo Ara\u00fajo da Silva<\/strong><\/span><\/p>\n<p><span style=\"color: #003366;\"><strong>Maison d&#8217;\u00e9dition Atlas<\/strong><\/span><\/p>\n<p><span style=\"color: #003366;\"><strong>R\u00e9sum\u00e9:<\/strong><\/span> Este livro enfoca a evolu\u00e7\u00e3o do fen\u00f4meno da criminalidade organizada, a partir do s\u00e9culo XVI, passando por sua influ\u00eancia contempor\u00e2nea nos terrenos penal e processual penal, at\u00e9 a edi\u00e7\u00e3o da Lei no 12.850\/13, que definiu organiza\u00e7\u00e3o criminosa e, pela primeira vez no plano dom\u00e9stico, tipificou a conduta de participa\u00e7\u00e3o em organiza\u00e7\u00e3o criminosa, assim como disciplinou meios de obten\u00e7\u00e3o da prova para a sua apura\u00e7\u00e3o, produzindo altera\u00e7\u00f5es no C\u00f3digo Penal. Para tanto, s\u00e3o analisados os requisitos para a defini\u00e7\u00e3o jur\u00eddica da organiza\u00e7\u00e3o criminosa e a tipifica\u00e7\u00e3o do respectivo crime, assim como os institutos da colabora\u00e7\u00e3o premiada, a\u00e7\u00e3o controlada, infiltra\u00e7\u00e3o de agentes e outros meios de obten\u00e7\u00e3o da prova previstos na lei (acesso a registros, dados cadastrais, documentos e informa\u00e7\u00f5es, capta\u00e7\u00e3o ambiental de sinais eletromagn\u00e9ticos, \u00f3pticos e ac\u00fasticos, intercepta\u00e7\u00e3o de comunica\u00e7\u00f5es telef\u00f4nicas e telem\u00e1ticas, afastamento dos sigilos financeiro, fiscal e banc\u00e1rio e coopera\u00e7\u00e3o entre institui\u00e7\u00f5es). Ainda trata dos crimes ocorridos na investiga\u00e7\u00e3o ou na obten\u00e7\u00e3o da prova (viola\u00e7\u00e3o da identidade ou da imagem do colaborador, falsa colabora\u00e7\u00e3o, quebra do sigilo das investiga\u00e7\u00f5es, recusa de informa\u00e7\u00f5es \u00e0s autoridades e viola\u00e7\u00e3o de dados cadastrais) e das altera\u00e7\u00f5es introduzidas no C\u00f3digo Penal. Livro recomendado para estudantes do curso de Direito, candidatos de concursos de ingresso \u00e0s carreiras jur\u00eddicas, advogados, defensores p\u00fablicos, membros do Minist\u00e9rio P\u00fablico, magistrados e estudiosos da evolu\u00e7\u00e3o da ci\u00eancia do Direito Penal e Processual Penal. Leitura complementar para as disciplinas Direito Penal e Direito Processual Penal em n\u00edvel de gradua\u00e7\u00e3o e p\u00f3s-gradua\u00e7\u00e3o.<\/p>\n","protected":false},"excerpt":{"rendered":"<p>Eduardo Ara\u00fajo da Silva Maison d&#8217;\u00e9dition Atlas R\u00e9sum\u00e9: Este livro enfoca a evolu\u00e7\u00e3o do fen\u00f4meno da criminalidade organizada, a partir do s\u00e9culo XVI, passando por sua influ\u00eancia contempor\u00e2nea nos terrenos penal e processual penal, at\u00e9 a edi\u00e7\u00e3o da Lei no 12.850\/13, que definiu organiza\u00e7\u00e3o criminosa e, pela primeira vez no plano dom\u00e9stico, tipificou a conduta de participa\u00e7\u00e3o em organiza\u00e7\u00e3o criminosa, assim como disciplinou meios de obten\u00e7\u00e3o da prova para a&hellip; <\/p>\n","protected":false},"author":3,"featured_media":15666,"comment_status":"open","ping_status":"closed","sticky":false,"template":"","format":"standard","meta":{"footnotes":""},"categories":[6,25],"tags":[],"class_list":["post-15665","post","type-post","status-publish","format-standard","has-post-thumbnail","hentry","category-livros","category-seguranca-publica-e-defesa"],"views":173,"_links":{"self":[{"href":"https:\/\/www.bibliotecadeseguranca.com.br\/fr\/wp-json\/wp\/v2\/posts\/15665","targetHints":{"allow":["GET"]}}],"collection":[{"href":"https:\/\/www.bibliotecadeseguranca.com.br\/fr\/wp-json\/wp\/v2\/posts"}],"about":[{"href":"https:\/\/www.bibliotecadeseguranca.com.br\/fr\/wp-json\/wp\/v2\/types\/post"}],"author":[{"embeddable":true,"href":"https:\/\/www.bibliotecadeseguranca.com.br\/fr\/wp-json\/wp\/v2\/users\/3"}],"replies":[{"embeddable":true,"href":"https:\/\/www.bibliotecadeseguranca.com.br\/fr\/wp-json\/wp\/v2\/comments?post=15665"}],"version-history":[{"count":1,"href":"https:\/\/www.bibliotecadeseguranca.com.br\/fr\/wp-json\/wp\/v2\/posts\/15665\/revisions"}],"predecessor-version":[{"id":15667,"href":"https:\/\/www.bibliotecadeseguranca.com.br\/fr\/wp-json\/wp\/v2\/posts\/15665\/revisions\/15667"}],"wp:featuredmedia":[{"embeddable":true,"href":"https:\/\/www.bibliotecadeseguranca.com.br\/fr\/wp-json\/wp\/v2\/media\/15666"}],"wp:attachment":[{"href":"https:\/\/www.bibliotecadeseguranca.com.br\/fr\/wp-json\/wp\/v2\/media?parent=15665"}],"wp:term":[{"taxonomy":"category","embeddable":true,"href":"https:\/\/www.bibliotecadeseguranca.com.br\/fr\/wp-json\/wp\/v2\/categories?post=15665"},{"taxonomy":"post_tag","embeddable":true,"href":"https:\/\/www.bibliotecadeseguranca.com.br\/fr\/wp-json\/wp\/v2\/tags?post=15665"}],"curies":[{"name":"wp","href":"https:\/\/api.w.org\/{rel}","templated":true}]}}