{"id":15649,"date":"2019-05-09T14:00:10","date_gmt":"2019-05-09T17:00:10","guid":{"rendered":"http:\/\/www.bibliotecadeseguranca.com.br\/fr\/?p=15649"},"modified":"2019-05-09T13:22:14","modified_gmt":"2019-05-09T16:22:14","slug":"tratamento-penal-do-terrorismo","status":"publish","type":"post","link":"https:\/\/www.bibliotecadeseguranca.com.br\/fr\/livros\/tratamento-penal-do-terrorismo\/","title":{"rendered":"Tratamento Penal do Terrorismo"},"content":{"rendered":"<p><span style=\"color: #003366;\"><strong><img loading=\"lazy\" decoding=\"async\" class=\"alignleft size-full wp-image-15650\" src=\"http:\/\/www.bibliotecadeseguranca.com.br\/fr\/wp-content\/uploads\/2019\/05\/tratamento-penal-do-terrorismo.jpg\" alt=\"Tratamento Penal do Terrorismo\" width=\"145\" height=\"211\" srcset=\"https:\/\/www.bibliotecadeseguranca.com.br\/fr\/wp-content\/uploads\/2019\/05\/tratamento-penal-do-terrorismo.jpg 145w, https:\/\/www.bibliotecadeseguranca.com.br\/fr\/wp-content\/uploads\/2019\/05\/tratamento-penal-do-terrorismo-103x150.jpg 103w\" sizes=\"auto, (max-width: 145px) 100vw, 145px\" \/>Marcello Ovidio Lopes Guimar\u00e3es<\/strong><\/span><\/p>\n<p><span style=\"color: #003366;\"><strong>Maison d&#8217;\u00e9dition Quartier Latin<\/strong><\/span><\/p>\n<p><span style=\"color: #003366;\"><strong>R\u00e9sum\u00e9:<\/strong><\/span> Trata-se de obra pioneira no Brasil uma vez que, introduzido o termo terrorismo na Constitui\u00e7\u00e3o de 1988, n\u00e3o havia lei instituindo a pr\u00e1tica como crime, pelo menos com essa denomina\u00e7\u00e3o, de modo que a primeira dificuldade seria e \u00e9 sua defini\u00e7\u00e3o legal. S\u00e3o objeto de an\u00e1lise, outrossim, as fun\u00e7\u00f5es do Tribunal Penal Internacional, a supremacia da ordem jur\u00eddica internacional, o terrorismo na legisla\u00e7\u00e3o p\u00e1tria atrav\u00e9s dos tempos e seu tratamento na legisla\u00e7\u00e3o estrangeira. Por fim, s\u00e3o lan\u00e7adas algumas propostas para um novo ou para alguns novos tipos penais referentes ao crime de terrorismo, no intuito de n\u00e3o manter o ordenamento jur\u00eddico p\u00e1trio desguarnecido de tipifica\u00e7\u00f5es relativa a essa infra\u00e7\u00e3o penal t\u00e3o grave, atual, relevante e de efeitos transnacionais. \u00c9, sem d\u00favida, obra de grande utilidade para a formula\u00e7\u00e3o do conceito do tema, inclusive para evitar o terrorismo legal do direito penal do inimigo, redu\u00e7\u00e3o das garantias processuais, invers\u00e3o do \u00f4nus da prova e outras sugest\u00f5es que a doutrina e a pr\u00e1tica est\u00e3o perigosamente apontando.<\/p>\n","protected":false},"excerpt":{"rendered":"<p>Marcello Ovidio Lopes Guimar\u00e3es Maison d&#8217;\u00e9dition Quartier Latin R\u00e9sum\u00e9: Trata-se de obra pioneira no Brasil uma vez que, introduzido o termo terrorismo na Constitui\u00e7\u00e3o de 1988, n\u00e3o havia lei instituindo a pr\u00e1tica como crime, pelo menos com essa denomina\u00e7\u00e3o, de modo que a primeira dificuldade seria e \u00e9 sua defini\u00e7\u00e3o legal. S\u00e3o objeto de an\u00e1lise, outrossim, as fun\u00e7\u00f5es do Tribunal Penal Internacional, a supremacia da ordem jur\u00eddica internacional, o terrorismo&hellip; <\/p>\n","protected":false},"author":3,"featured_media":15650,"comment_status":"open","ping_status":"closed","sticky":false,"template":"","format":"standard","meta":{"footnotes":""},"categories":[10,6,25],"tags":[],"class_list":["post-15649","post","type-post","status-publish","format-standard","has-post-thumbnail","hentry","category-crime-violencia-e-criminologia","category-livros","category-seguranca-publica-e-defesa"],"views":209,"_links":{"self":[{"href":"https:\/\/www.bibliotecadeseguranca.com.br\/fr\/wp-json\/wp\/v2\/posts\/15649","targetHints":{"allow":["GET"]}}],"collection":[{"href":"https:\/\/www.bibliotecadeseguranca.com.br\/fr\/wp-json\/wp\/v2\/posts"}],"about":[{"href":"https:\/\/www.bibliotecadeseguranca.com.br\/fr\/wp-json\/wp\/v2\/types\/post"}],"author":[{"embeddable":true,"href":"https:\/\/www.bibliotecadeseguranca.com.br\/fr\/wp-json\/wp\/v2\/users\/3"}],"replies":[{"embeddable":true,"href":"https:\/\/www.bibliotecadeseguranca.com.br\/fr\/wp-json\/wp\/v2\/comments?post=15649"}],"version-history":[{"count":1,"href":"https:\/\/www.bibliotecadeseguranca.com.br\/fr\/wp-json\/wp\/v2\/posts\/15649\/revisions"}],"predecessor-version":[{"id":15651,"href":"https:\/\/www.bibliotecadeseguranca.com.br\/fr\/wp-json\/wp\/v2\/posts\/15649\/revisions\/15651"}],"wp:featuredmedia":[{"embeddable":true,"href":"https:\/\/www.bibliotecadeseguranca.com.br\/fr\/wp-json\/wp\/v2\/media\/15650"}],"wp:attachment":[{"href":"https:\/\/www.bibliotecadeseguranca.com.br\/fr\/wp-json\/wp\/v2\/media?parent=15649"}],"wp:term":[{"taxonomy":"category","embeddable":true,"href":"https:\/\/www.bibliotecadeseguranca.com.br\/fr\/wp-json\/wp\/v2\/categories?post=15649"},{"taxonomy":"post_tag","embeddable":true,"href":"https:\/\/www.bibliotecadeseguranca.com.br\/fr\/wp-json\/wp\/v2\/tags?post=15649"}],"curies":[{"name":"wp","href":"https:\/\/api.w.org\/{rel}","templated":true}]}}