{"id":15620,"date":"2019-04-26T14:00:57","date_gmt":"2019-04-26T17:00:57","guid":{"rendered":"http:\/\/www.bibliotecadeseguranca.com.br\/fr\/?p=15620"},"modified":"2019-04-26T12:39:35","modified_gmt":"2019-04-26T15:39:35","slug":"la-police-de-securite-publique-en-france","status":"publish","type":"post","link":"https:\/\/www.bibliotecadeseguranca.com.br\/fr\/livros\/la-police-de-securite-publique-en-france\/","title":{"rendered":"La police de s\u00e9curit\u00e9 publique en France"},"content":{"rendered":"<p><span style=\"color: #003366;\"><strong><img loading=\"lazy\" decoding=\"async\" class=\"alignleft size-full wp-image-15621\" src=\"http:\/\/www.bibliotecadeseguranca.com.br\/fr\/wp-content\/uploads\/2019\/04\/la-police-de-securite-publique-en-france.jpg\" alt=\"La police de s\u00e9curit\u00e9 publique en France\" width=\"145\" height=\"222\" srcset=\"https:\/\/www.bibliotecadeseguranca.com.br\/fr\/wp-content\/uploads\/2019\/04\/la-police-de-securite-publique-en-france.jpg 145w, https:\/\/www.bibliotecadeseguranca.com.br\/fr\/wp-content\/uploads\/2019\/04\/la-police-de-securite-publique-en-france-98x150.jpg 98w\" sizes=\"auto, (max-width: 145px) 100vw, 145px\" \/>Pascal Lalle<\/strong><\/span><\/p>\n<p><span style=\"color: #003366;\"><strong>Maison d&#8217;\u00e9dition Les \u00e9ditions du Cerf<\/strong><\/span><\/p>\n<p><span style=\"color: #003366;\"><strong>R\u00e9sum\u00e9:<\/strong><\/span> Des attentats aux \u00e9meutes en passant par la d\u00e9linquance et l&#8217;incivilit\u00e9 ordinaires, que fait la police ? Voici le livre blanc de la s\u00e9curit\u00e9 en France, r\u00e9unissant les grands acteurs et les meilleurs sp\u00e9cialistes. Une synth\u00e8se indispensable.<br \/>\nOrganis\u00e9 \u00e0 l&#8217;occasion des 25 ans de la Direction centrale de la s\u00e9curit\u00e9 publique, le colloque &#8221; La police de s\u00e9curit\u00e9 publique en France &#8221; a r\u00e9uni, le 18 octobre 2018, au Conseil \u00e9conomique, social et environnemental \u00e0 Paris, des universitaires, des hauts fonctionnaires et des policiers de terrain, autour d&#8217;une double interrogation : quels enjeux et quelles ambitions pour la s\u00e9curit\u00e9 publique de demain ?<br \/>\nRassembl\u00e9es ici, les contributions pr\u00e9sent\u00e9es au cours de ce colloque projettent ainsi, et pour la premi\u00e8re fois, la lumi\u00e8re sur la plus importante direction active de la police nationale, direction forte de pr\u00e8s de 67 000 agents qui, au quotidien, 7 jours sur 7, et 24 h sur 24 h, assurent la protection de pr\u00e8s de 27 millions de personnes sur le territoire fran\u00e7ais.<br \/>\n\u00c0 l&#8217;heure o\u00f9 la s\u00e9curit\u00e9 demeure, \u00e0 juste titre, l&#8217;une des pr\u00e9occupations majeures des Fran\u00e7ais, cet ouvrage \u00e9crit par des sp\u00e9cialistes et des acteurs de la s\u00e9curit\u00e9, int\u00e9resse chacun d&#8217;entre nous.<\/p>\n","protected":false},"excerpt":{"rendered":"<p>Pascal Lalle Maison d&#8217;\u00e9dition Les \u00e9ditions du Cerf R\u00e9sum\u00e9: Des attentats aux \u00e9meutes en passant par la d\u00e9linquance et l&#8217;incivilit\u00e9 ordinaires, que fait la police ? Voici le livre blanc de la s\u00e9curit\u00e9 en France, r\u00e9unissant les grands acteurs et les meilleurs sp\u00e9cialistes. Une synth\u00e8se indispensable. Organis\u00e9 \u00e0 l&#8217;occasion des 25 ans de la Direction centrale de la s\u00e9curit\u00e9 publique, le colloque &#8221; La police de s\u00e9curit\u00e9 publique en France&hellip; <\/p>\n","protected":false},"author":3,"featured_media":15621,"comment_status":"open","ping_status":"closed","sticky":false,"template":"","format":"standard","meta":{"footnotes":""},"categories":[109,6,25],"tags":[],"class_list":["post-15620","post","type-post","status-publish","format-standard","has-post-thumbnail","hentry","category-francais","category-livros","category-seguranca-publica-e-defesa"],"views":163,"_links":{"self":[{"href":"https:\/\/www.bibliotecadeseguranca.com.br\/fr\/wp-json\/wp\/v2\/posts\/15620","targetHints":{"allow":["GET"]}}],"collection":[{"href":"https:\/\/www.bibliotecadeseguranca.com.br\/fr\/wp-json\/wp\/v2\/posts"}],"about":[{"href":"https:\/\/www.bibliotecadeseguranca.com.br\/fr\/wp-json\/wp\/v2\/types\/post"}],"author":[{"embeddable":true,"href":"https:\/\/www.bibliotecadeseguranca.com.br\/fr\/wp-json\/wp\/v2\/users\/3"}],"replies":[{"embeddable":true,"href":"https:\/\/www.bibliotecadeseguranca.com.br\/fr\/wp-json\/wp\/v2\/comments?post=15620"}],"version-history":[{"count":1,"href":"https:\/\/www.bibliotecadeseguranca.com.br\/fr\/wp-json\/wp\/v2\/posts\/15620\/revisions"}],"predecessor-version":[{"id":15622,"href":"https:\/\/www.bibliotecadeseguranca.com.br\/fr\/wp-json\/wp\/v2\/posts\/15620\/revisions\/15622"}],"wp:featuredmedia":[{"embeddable":true,"href":"https:\/\/www.bibliotecadeseguranca.com.br\/fr\/wp-json\/wp\/v2\/media\/15621"}],"wp:attachment":[{"href":"https:\/\/www.bibliotecadeseguranca.com.br\/fr\/wp-json\/wp\/v2\/media?parent=15620"}],"wp:term":[{"taxonomy":"category","embeddable":true,"href":"https:\/\/www.bibliotecadeseguranca.com.br\/fr\/wp-json\/wp\/v2\/categories?post=15620"},{"taxonomy":"post_tag","embeddable":true,"href":"https:\/\/www.bibliotecadeseguranca.com.br\/fr\/wp-json\/wp\/v2\/tags?post=15620"}],"curies":[{"name":"wp","href":"https:\/\/api.w.org\/{rel}","templated":true}]}}