{"id":15611,"date":"2019-04-22T14:00:27","date_gmt":"2019-04-22T17:00:27","guid":{"rendered":"http:\/\/www.bibliotecadeseguranca.com.br\/fr\/?p=15611"},"modified":"2019-04-22T12:18:39","modified_gmt":"2019-04-22T15:18:39","slug":"colaboracao-premiada-e-investigacao","status":"publish","type":"post","link":"https:\/\/www.bibliotecadeseguranca.com.br\/fr\/livros\/colaboracao-premiada-e-investigacao\/","title":{"rendered":"Colabora\u00e7\u00e3o Premiada e Investiga\u00e7\u00e3o"},"content":{"rendered":"<p><span style=\"color: #003366;\"><strong><img loading=\"lazy\" decoding=\"async\" class=\"alignleft size-full wp-image-15612\" src=\"http:\/\/www.bibliotecadeseguranca.com.br\/fr\/wp-content\/uploads\/2019\/04\/colaboracao-premiada-e-investigacao.jpg\" alt=\"Colabora\u00e7\u00e3o Premiada e Investiga\u00e7\u00e3o\" width=\"145\" height=\"219\" srcset=\"https:\/\/www.bibliotecadeseguranca.com.br\/fr\/wp-content\/uploads\/2019\/04\/colaboracao-premiada-e-investigacao.jpg 145w, https:\/\/www.bibliotecadeseguranca.com.br\/fr\/wp-content\/uploads\/2019\/04\/colaboracao-premiada-e-investigacao-99x150.jpg 99w\" sizes=\"auto, (max-width: 145px) 100vw, 145px\" \/>\u00c9lzio Vicente da Silva, Denisse Dias Rosas Ribeiro<\/strong><\/span><\/p>\n<p><span style=\"color: #003366;\"><strong>Maison d&#8217;\u00e9dition Novo S\u00e9culo<\/strong><\/span><\/p>\n<p><span style=\"color: #003366;\"><strong>R\u00e9sum\u00e9:<\/strong><\/span> O que leva uma pessoa a trair seu grupo criminoso e passar a trabalhar ao lado do Estado na desestrutura\u00e7\u00e3o de uma organiza\u00e7\u00e3o criminosa?<br \/>\nEstudos mostram que apenas a percep\u00e7\u00e3o do avan\u00e7o da investiga\u00e7\u00e3o \u2013 e n\u00e3o a promessa de benef\u00edcios ou a amea\u00e7a de encarceramento \u2013 incentiva legitimamente o criminoso a contribuir com a apura\u00e7\u00e3o de fatos complexos.<br \/>\nEntretanto, nos \u00faltimos anos, a esfera p\u00fablica brasileira foi inundada por reportagens, artigos e entrevistas sobre o tema das colabora\u00e7\u00f5es premiadas, sem promover, todavia, um debate t\u00e9cnico sobre seus princ\u00edpios e suas vulnerabilidades.<br \/>\n\u00c9 esse retorno \u00e0s origens \u2013 esse recuo hist\u00f3rico \u00e0 t\u00e9cnica e \u00e0 doutrina policial \u2013 que os autores empreendem neste estudo. A obra, al\u00e9m de realizar uma genealogia desse meio de obten\u00e7\u00e3o de prova, trabalha para afastar espessas camadas de desinforma\u00e7\u00e3o que nos \u00faltimos anos recobriram esse instrumento de investiga\u00e7\u00e3o t\u00e3o \u00fatil \u00e0s pol\u00edcias no enfrentamento \u00e0s complexas organiza\u00e7\u00f5es<br \/>\ncriminosas contempor\u00e2neas.<br \/>\nO resultado \u00e9 uma contribui\u00e7\u00e3o densa e original que tem tudo para se tornar refer\u00eancia, iluminando um tema central no debate brasileiro contempor\u00e2neo.<\/p>\n","protected":false},"excerpt":{"rendered":"<p>\u00c9lzio Vicente da Silva, Denisse Dias Rosas Ribeiro Maison d&#8217;\u00e9dition Novo S\u00e9culo R\u00e9sum\u00e9: O que leva uma pessoa a trair seu grupo criminoso e passar a trabalhar ao lado do Estado na desestrutura\u00e7\u00e3o de uma organiza\u00e7\u00e3o criminosa? Estudos mostram que apenas a percep\u00e7\u00e3o do avan\u00e7o da investiga\u00e7\u00e3o \u2013 e n\u00e3o a promessa de benef\u00edcios ou a amea\u00e7a de encarceramento \u2013 incentiva legitimamente o criminoso a contribuir com a apura\u00e7\u00e3o de&hellip; <\/p>\n","protected":false},"author":3,"featured_media":15612,"comment_status":"open","ping_status":"closed","sticky":false,"template":"","format":"standard","meta":{"footnotes":""},"categories":[10,6,25],"tags":[],"class_list":["post-15611","post","type-post","status-publish","format-standard","has-post-thumbnail","hentry","category-crime-violencia-e-criminologia","category-livros","category-seguranca-publica-e-defesa"],"views":263,"_links":{"self":[{"href":"https:\/\/www.bibliotecadeseguranca.com.br\/fr\/wp-json\/wp\/v2\/posts\/15611","targetHints":{"allow":["GET"]}}],"collection":[{"href":"https:\/\/www.bibliotecadeseguranca.com.br\/fr\/wp-json\/wp\/v2\/posts"}],"about":[{"href":"https:\/\/www.bibliotecadeseguranca.com.br\/fr\/wp-json\/wp\/v2\/types\/post"}],"author":[{"embeddable":true,"href":"https:\/\/www.bibliotecadeseguranca.com.br\/fr\/wp-json\/wp\/v2\/users\/3"}],"replies":[{"embeddable":true,"href":"https:\/\/www.bibliotecadeseguranca.com.br\/fr\/wp-json\/wp\/v2\/comments?post=15611"}],"version-history":[{"count":1,"href":"https:\/\/www.bibliotecadeseguranca.com.br\/fr\/wp-json\/wp\/v2\/posts\/15611\/revisions"}],"predecessor-version":[{"id":15613,"href":"https:\/\/www.bibliotecadeseguranca.com.br\/fr\/wp-json\/wp\/v2\/posts\/15611\/revisions\/15613"}],"wp:featuredmedia":[{"embeddable":true,"href":"https:\/\/www.bibliotecadeseguranca.com.br\/fr\/wp-json\/wp\/v2\/media\/15612"}],"wp:attachment":[{"href":"https:\/\/www.bibliotecadeseguranca.com.br\/fr\/wp-json\/wp\/v2\/media?parent=15611"}],"wp:term":[{"taxonomy":"category","embeddable":true,"href":"https:\/\/www.bibliotecadeseguranca.com.br\/fr\/wp-json\/wp\/v2\/categories?post=15611"},{"taxonomy":"post_tag","embeddable":true,"href":"https:\/\/www.bibliotecadeseguranca.com.br\/fr\/wp-json\/wp\/v2\/tags?post=15611"}],"curies":[{"name":"wp","href":"https:\/\/api.w.org\/{rel}","templated":true}]}}