{"id":15579,"date":"2019-04-08T14:00:27","date_gmt":"2019-04-08T17:00:27","guid":{"rendered":"http:\/\/www.bibliotecadeseguranca.com.br\/fr\/?p=15579"},"modified":"2019-04-08T13:22:52","modified_gmt":"2019-04-08T16:22:52","slug":"terrorismo-conhecimento-e-combate","status":"publish","type":"post","link":"https:\/\/www.bibliotecadeseguranca.com.br\/fr\/livros\/terrorismo-conhecimento-e-combate\/","title":{"rendered":"Terrorismo: Conhecimento e Combate"},"content":{"rendered":"<p><span style=\"color: #003366;\"><strong><img loading=\"lazy\" decoding=\"async\" class=\"alignleft size-full wp-image-15580\" src=\"http:\/\/www.bibliotecadeseguranca.com.br\/fr\/wp-content\/uploads\/2019\/04\/terrorismo-conhecimento-e-combate.jpg\" alt=\"Terrorismo: Conhecimento e Combate\" width=\"145\" height=\"210\" srcset=\"https:\/\/www.bibliotecadeseguranca.com.br\/fr\/wp-content\/uploads\/2019\/04\/terrorismo-conhecimento-e-combate.jpg 145w, https:\/\/www.bibliotecadeseguranca.com.br\/fr\/wp-content\/uploads\/2019\/04\/terrorismo-conhecimento-e-combate-104x150.jpg 104w\" sizes=\"auto, (max-width: 145px) 100vw, 145px\" \/>Joanisval Brito Gon\u00e7alves, Marcus Vinicius Reis<\/strong><\/span><\/p>\n<p><span style=\"color: #003366;\"><strong>Maison d&#8217;\u00e9dition Impetus<\/strong><\/span><\/p>\n<p><span style=\"color: #003366;\"><strong>R\u00e9sum\u00e9:<\/strong><\/span> O livro que o leitor tem em m\u00e3os trata do terrorismo em seus diversos aspectos. Nele s\u00e3o analisados o conceito e os elementos fundamentais do terrorismo, bem como seus aspectos jur\u00eddicos no campo dom\u00e9stico e internacional. Tamb\u00e9m \u00e9 feito um hist\u00f3rico do terrorismo desde suas origens na Antiguidade aos atentados de 2016. De maneira inovadora, tem-se um cap\u00edtulo dedicado \u00e0 &#8220;macroan\u00e1lise do terrorismo&#8221; (onde s\u00e3o considerados as causas, as motiva\u00e7\u00f5es, os objetivos e as estrat\u00e9gias das organiza\u00e7\u00f5es terroristas) e outro voltado \u00e0 &#8220;microan\u00e1lise&#8221; do fen\u00f4meno (por meio da qual uma organiza\u00e7\u00e3o terrorista \u00e9 dissecada). Ademais, uma parte do livro \u00e9 dedicada \u00e0 preven\u00e7\u00e3o ao terrorismo, com orienta\u00e7\u00f5es pr\u00e1ticas de como estruturar mecanismos de resposta para fazer frente \u00e0 amea\u00e7a.<\/p>\n<p>Assim, constitui verdadeiro Manual para preven\u00e7\u00e3o e combate ao terrorismo. Diante da escassez de t\u00edtulos em portugu\u00eas sobre o tema, esse livro \u00e9 destinado a todo aquele que deseje entender o fen\u00f4meno, seja sob a perspectiva de profissionais das \u00e1reas de seguran\u00e7a e defesa, seja sob a \u00f3tica do pesquisador acad\u00eamico, seja do curioso que queira compreender melhor sobre a maneira como o terrorismo est\u00e1 presente neste admir\u00e1vel mundo novo.<\/p>\n","protected":false},"excerpt":{"rendered":"<p>Joanisval Brito Gon\u00e7alves, Marcus Vinicius Reis Maison d&#8217;\u00e9dition Impetus R\u00e9sum\u00e9: O livro que o leitor tem em m\u00e3os trata do terrorismo em seus diversos aspectos. Nele s\u00e3o analisados o conceito e os elementos fundamentais do terrorismo, bem como seus aspectos jur\u00eddicos no campo dom\u00e9stico e internacional. Tamb\u00e9m \u00e9 feito um hist\u00f3rico do terrorismo desde suas origens na Antiguidade aos atentados de 2016. De maneira inovadora, tem-se um cap\u00edtulo dedicado \u00e0&hellip; <\/p>\n","protected":false},"author":3,"featured_media":15580,"comment_status":"open","ping_status":"closed","sticky":false,"template":"","format":"standard","meta":{"footnotes":""},"categories":[6,25],"tags":[],"class_list":["post-15579","post","type-post","status-publish","format-standard","has-post-thumbnail","hentry","category-livros","category-seguranca-publica-e-defesa"],"views":611,"_links":{"self":[{"href":"https:\/\/www.bibliotecadeseguranca.com.br\/fr\/wp-json\/wp\/v2\/posts\/15579","targetHints":{"allow":["GET"]}}],"collection":[{"href":"https:\/\/www.bibliotecadeseguranca.com.br\/fr\/wp-json\/wp\/v2\/posts"}],"about":[{"href":"https:\/\/www.bibliotecadeseguranca.com.br\/fr\/wp-json\/wp\/v2\/types\/post"}],"author":[{"embeddable":true,"href":"https:\/\/www.bibliotecadeseguranca.com.br\/fr\/wp-json\/wp\/v2\/users\/3"}],"replies":[{"embeddable":true,"href":"https:\/\/www.bibliotecadeseguranca.com.br\/fr\/wp-json\/wp\/v2\/comments?post=15579"}],"version-history":[{"count":1,"href":"https:\/\/www.bibliotecadeseguranca.com.br\/fr\/wp-json\/wp\/v2\/posts\/15579\/revisions"}],"predecessor-version":[{"id":15581,"href":"https:\/\/www.bibliotecadeseguranca.com.br\/fr\/wp-json\/wp\/v2\/posts\/15579\/revisions\/15581"}],"wp:featuredmedia":[{"embeddable":true,"href":"https:\/\/www.bibliotecadeseguranca.com.br\/fr\/wp-json\/wp\/v2\/media\/15580"}],"wp:attachment":[{"href":"https:\/\/www.bibliotecadeseguranca.com.br\/fr\/wp-json\/wp\/v2\/media?parent=15579"}],"wp:term":[{"taxonomy":"category","embeddable":true,"href":"https:\/\/www.bibliotecadeseguranca.com.br\/fr\/wp-json\/wp\/v2\/categories?post=15579"},{"taxonomy":"post_tag","embeddable":true,"href":"https:\/\/www.bibliotecadeseguranca.com.br\/fr\/wp-json\/wp\/v2\/tags?post=15579"}],"curies":[{"name":"wp","href":"https:\/\/api.w.org\/{rel}","templated":true}]}}