{"id":15493,"date":"2019-03-26T14:00:32","date_gmt":"2019-03-26T17:00:32","guid":{"rendered":"http:\/\/www.bibliotecadeseguranca.com.br\/fr\/?p=15493"},"modified":"2019-03-26T13:08:38","modified_gmt":"2019-03-26T16:08:38","slug":"jornal-da-seguranca-no-295","status":"publish","type":"post","link":"https:\/\/www.bibliotecadeseguranca.com.br\/fr\/periodicos-de-seguranca\/jornal-da-seguranca-no-295\/","title":{"rendered":"Jornal da Seguran\u00e7a \u2013 N\u00ba 295"},"content":{"rendered":"<p><span style=\"color: #003366;\"><strong><img loading=\"lazy\" decoding=\"async\" class=\"alignleft size-full wp-image-15494\" src=\"http:\/\/www.bibliotecadeseguranca.com.br\/fr\/wp-content\/uploads\/2019\/03\/jornal-da-seguranca-no-295.jpg\" alt=\"Jornal da Seguran\u00e7a \u2013 N\u00ba 295\" width=\"145\" height=\"205\" srcset=\"https:\/\/www.bibliotecadeseguranca.com.br\/fr\/wp-content\/uploads\/2019\/03\/jornal-da-seguranca-no-295.jpg 145w, https:\/\/www.bibliotecadeseguranca.com.br\/fr\/wp-content\/uploads\/2019\/03\/jornal-da-seguranca-no-295-106x150.jpg 106w\" sizes=\"auto, (max-width: 145px) 100vw, 145px\" \/>Maison d&#8217;\u00e9dition:<\/strong><\/span> Caros amigos, Apesar de toda a torcida contra a Seguran\u00e7a P\u00fablica, a situa\u00e7\u00e3o parece de fato estar melhorando. Para quem esperava grandes reviravoltas em raz\u00e3o das transfer\u00eancias dos piores criminosos do pa\u00eds para pres\u00eddios federais, a surpresa foi inusitada, j\u00e1 que nada de novo ocorreu no &#8220;front&#8221;. Que possamos seguir em frente sempre. Nesta edi\u00e7\u00e3o a mat\u00e9ria de capa traz um novo conceito de seguran\u00e7a: A Seguran\u00e7a em Alta Performance. O Grupo Ruby, que atua nos segmentos de seguran\u00e7a e servi\u00e7os, inova no desafio de trazer servi\u00e7os de alta qualidade ao mercado nacional, baseados na sele\u00e7\u00e3o e treinamento primoroso, acreditando que: Seguran\u00e7a n\u00e3o \u00e9 Pre\u00e7o, Seguran\u00e7a \u00e9 Valor!<br \/>\nO Dr. Jorge Lordello discorre sobre o atual\u00edssimo tema &#8220;O CONCEITO DE LEG\u00cdTIMA DEFESA NO DIREITO BRASILEIRO PRECISA SER ALTERADO&#8221;. Enquanto que Emir Pinho em seu artigo &#8220;COMO SUA EMPRESA PODE SE REINVENTAR PARA O MUNDO VUCA NA ERA DA URG\u00caNCIA&#8221;, nos traz importantes reflex\u00f5es sobre a gest\u00e3o de nossos neg\u00f3cios em tempos de mudan\u00e7as r\u00e1pidas. Thiago Vasconcelos aborda a influ\u00eancia dos modelos de pol\u00edticas comerciais sobre o pre\u00e7o dos produtos, em &#8220;A IMPORT\u00c2NCIA DA POL\u00cdTICA COMERCIAL DOS FABRICANTES&#8221;. Excelentes conhecimentos para enriquecer ainda mais o t\u00e3o almejado profissionalismo, que tanto buscamos.<\/p>\n<p>Boa leitura!<\/p>\n<p>Aureo Miraglia de Almeida<\/p>\n<p><a href=\"http:\/\/www.bibliotecadeseguranca.com.br\/wp-content\/uploads\/2019\/03\/jornal-da-seguranca-295.pdf\" target=\"_blank\" rel=\"noopener\"><img loading=\"lazy\" decoding=\"async\" class=\"alignleft wp-image-12143 size-full\" src=\"http:\/\/www.bibliotecadeseguranca.com.br\/fr\/wp-content\/uploads\/2015\/03\/download_fr.gif\" alt=\"T\u00e9l\u00e9charger\" width=\"107\" height=\"25\" \/><\/a><\/p>\n","protected":false},"excerpt":{"rendered":"<p>Maison d&#8217;\u00e9dition: Caros amigos, Apesar de toda a torcida contra a Seguran\u00e7a P\u00fablica, a situa\u00e7\u00e3o parece de fato estar melhorando. Para quem esperava grandes reviravoltas em raz\u00e3o das transfer\u00eancias dos piores criminosos do pa\u00eds para pres\u00eddios federais, a surpresa foi inusitada, j\u00e1 que nada de novo ocorreu no &#8220;front&#8221;. Que possamos seguir em frente sempre. Nesta edi\u00e7\u00e3o a mat\u00e9ria de capa traz um novo conceito de seguran\u00e7a: A Seguran\u00e7a em&hellip; <\/p>\n","protected":false},"author":3,"featured_media":15494,"comment_status":"open","ping_status":"closed","sticky":false,"template":"","format":"standard","meta":{"footnotes":""},"categories":[71,123],"tags":[],"class_list":["post-15493","post","type-post","status-publish","format-standard","has-post-thumbnail","hentry","category-periodicos-de-seguranca","category-jornal-da-seguranca"],"views":265,"_links":{"self":[{"href":"https:\/\/www.bibliotecadeseguranca.com.br\/fr\/wp-json\/wp\/v2\/posts\/15493","targetHints":{"allow":["GET"]}}],"collection":[{"href":"https:\/\/www.bibliotecadeseguranca.com.br\/fr\/wp-json\/wp\/v2\/posts"}],"about":[{"href":"https:\/\/www.bibliotecadeseguranca.com.br\/fr\/wp-json\/wp\/v2\/types\/post"}],"author":[{"embeddable":true,"href":"https:\/\/www.bibliotecadeseguranca.com.br\/fr\/wp-json\/wp\/v2\/users\/3"}],"replies":[{"embeddable":true,"href":"https:\/\/www.bibliotecadeseguranca.com.br\/fr\/wp-json\/wp\/v2\/comments?post=15493"}],"version-history":[{"count":1,"href":"https:\/\/www.bibliotecadeseguranca.com.br\/fr\/wp-json\/wp\/v2\/posts\/15493\/revisions"}],"predecessor-version":[{"id":15495,"href":"https:\/\/www.bibliotecadeseguranca.com.br\/fr\/wp-json\/wp\/v2\/posts\/15493\/revisions\/15495"}],"wp:featuredmedia":[{"embeddable":true,"href":"https:\/\/www.bibliotecadeseguranca.com.br\/fr\/wp-json\/wp\/v2\/media\/15494"}],"wp:attachment":[{"href":"https:\/\/www.bibliotecadeseguranca.com.br\/fr\/wp-json\/wp\/v2\/media?parent=15493"}],"wp:term":[{"taxonomy":"category","embeddable":true,"href":"https:\/\/www.bibliotecadeseguranca.com.br\/fr\/wp-json\/wp\/v2\/categories?post=15493"},{"taxonomy":"post_tag","embeddable":true,"href":"https:\/\/www.bibliotecadeseguranca.com.br\/fr\/wp-json\/wp\/v2\/tags?post=15493"}],"curies":[{"name":"wp","href":"https:\/\/api.w.org\/{rel}","templated":true}]}}