{"id":15489,"date":"2019-03-25T14:00:19","date_gmt":"2019-03-25T17:00:19","guid":{"rendered":"http:\/\/www.bibliotecadeseguranca.com.br\/fr\/?p=15489"},"modified":"2019-03-25T12:25:29","modified_gmt":"2019-03-25T15:25:29","slug":"seguranca-contemporanea","status":"publish","type":"post","link":"https:\/\/www.bibliotecadeseguranca.com.br\/fr\/livros\/seguranca-contemporanea\/","title":{"rendered":"Seguran\u00e7a Contempor\u00e2nea"},"content":{"rendered":"<p><span style=\"color: #003366;\"><strong><img loading=\"lazy\" decoding=\"async\" class=\"alignleft size-full wp-image-15490\" src=\"http:\/\/www.bibliotecadeseguranca.com.br\/fr\/wp-content\/uploads\/2019\/03\/seguranca-contemporanea.jpg\" alt=\"Seguran\u00e7a Contempor\u00e2nea\" width=\"145\" height=\"209\" srcset=\"https:\/\/www.bibliotecadeseguranca.com.br\/fr\/wp-content\/uploads\/2019\/03\/seguranca-contemporanea.jpg 145w, https:\/\/www.bibliotecadeseguranca.com.br\/fr\/wp-content\/uploads\/2019\/03\/seguranca-contemporanea-104x150.jpg 104w\" sizes=\"auto, (max-width: 145px) 100vw, 145px\" \/>Raquel Duque, Diogo Noivo, Teresa de Almeida e Silva<\/strong><\/span><\/p>\n<p><span style=\"color: #003366;\"><strong>Maison d&#8217;\u00e9dition Pactor<\/strong><\/span><\/p>\n<p><span style=\"color: #003366;\"><strong>R\u00e9sum\u00e9:<\/strong><\/span> Hoje, quando pensamos em seguran\u00e7a, equacionamos aspetos que ultrapassam em larga medida a tradicional preocupa\u00e7\u00e3o com a guerra. Tanto na esfera da seguran\u00e7a interna como no dom\u00ednio da seguran\u00e7a internacional, as amea\u00e7as s\u00e3o muitas e distintas na sua natureza. Sem preju\u00edzo de reconhecer importantes linhas de continuidade, os novos desafios apresentados, inclusive por amea\u00e7as antigas como o terrorismo, os conflitos armados ou mesmo a prolifera\u00e7\u00e3o nuclear, exigem uma abordagem multidisciplinar e abrangente \u00e0 agenda de seguran\u00e7a contempor\u00e2nea. No entanto, e apesar do interesse crescente por estas mat\u00e9rias, n\u00e3o existia ainda uma obra em l\u00edngua portuguesa que sustentasse uma vis\u00e3o ampla e, sobretudo, inclusiva das v\u00e1rias tend\u00eancias que hoje versam sobre seguran\u00e7a. O livro Seguran\u00e7a Contempor\u00e2nea \u00e9 uma contribui\u00e7\u00e3o para colmatar essa lacuna atrav\u00e9s de uma abordagem sistematizada deste campo de estudo, de modo a que a literatura sobre Estudos de Seguran\u00e7a em l\u00edngua portuguesa possa alargar n\u00e3o s\u00f3 o seu espectro de an\u00e1lise, mas tamb\u00e9m atravessar a fronteira nacional e integrar-se no mundo lus\u00f3fono. A presente obra oferece aos seus leitores uma vis\u00e3o alargada da pluralidade te\u00f3rica, doutrin\u00e1ria, disciplinar e tem\u00e1tica dos Estudos de Seguran\u00e7a contempor\u00e2neos, sendo dirigida n\u00e3o s\u00f3 a estudantes e docentes de Ci\u00eancia Pol\u00edtica e de Rela\u00e7\u00f5es Internacionais, mas tamb\u00e9m a membros de for\u00e7as e servi\u00e7os de seguran\u00e7a e de defesa, bem como a um p\u00fablico n\u00e3o especializado, por\u00e9m interessado nestas mat\u00e9rias.<\/p>\n","protected":false},"excerpt":{"rendered":"<p>Raquel Duque, Diogo Noivo, Teresa de Almeida e Silva Maison d&#8217;\u00e9dition Pactor R\u00e9sum\u00e9: Hoje, quando pensamos em seguran\u00e7a, equacionamos aspetos que ultrapassam em larga medida a tradicional preocupa\u00e7\u00e3o com a guerra. Tanto na esfera da seguran\u00e7a interna como no dom\u00ednio da seguran\u00e7a internacional, as amea\u00e7as s\u00e3o muitas e distintas na sua natureza. Sem preju\u00edzo de reconhecer importantes linhas de continuidade, os novos desafios apresentados, inclusive por amea\u00e7as antigas como o&hellip; <\/p>\n","protected":false},"author":3,"featured_media":15490,"comment_status":"open","ping_status":"closed","sticky":false,"template":"","format":"standard","meta":{"footnotes":""},"categories":[6,25],"tags":[],"class_list":["post-15489","post","type-post","status-publish","format-standard","has-post-thumbnail","hentry","category-livros","category-seguranca-publica-e-defesa"],"views":205,"_links":{"self":[{"href":"https:\/\/www.bibliotecadeseguranca.com.br\/fr\/wp-json\/wp\/v2\/posts\/15489","targetHints":{"allow":["GET"]}}],"collection":[{"href":"https:\/\/www.bibliotecadeseguranca.com.br\/fr\/wp-json\/wp\/v2\/posts"}],"about":[{"href":"https:\/\/www.bibliotecadeseguranca.com.br\/fr\/wp-json\/wp\/v2\/types\/post"}],"author":[{"embeddable":true,"href":"https:\/\/www.bibliotecadeseguranca.com.br\/fr\/wp-json\/wp\/v2\/users\/3"}],"replies":[{"embeddable":true,"href":"https:\/\/www.bibliotecadeseguranca.com.br\/fr\/wp-json\/wp\/v2\/comments?post=15489"}],"version-history":[{"count":1,"href":"https:\/\/www.bibliotecadeseguranca.com.br\/fr\/wp-json\/wp\/v2\/posts\/15489\/revisions"}],"predecessor-version":[{"id":15491,"href":"https:\/\/www.bibliotecadeseguranca.com.br\/fr\/wp-json\/wp\/v2\/posts\/15489\/revisions\/15491"}],"wp:featuredmedia":[{"embeddable":true,"href":"https:\/\/www.bibliotecadeseguranca.com.br\/fr\/wp-json\/wp\/v2\/media\/15490"}],"wp:attachment":[{"href":"https:\/\/www.bibliotecadeseguranca.com.br\/fr\/wp-json\/wp\/v2\/media?parent=15489"}],"wp:term":[{"taxonomy":"category","embeddable":true,"href":"https:\/\/www.bibliotecadeseguranca.com.br\/fr\/wp-json\/wp\/v2\/categories?post=15489"},{"taxonomy":"post_tag","embeddable":true,"href":"https:\/\/www.bibliotecadeseguranca.com.br\/fr\/wp-json\/wp\/v2\/tags?post=15489"}],"curies":[{"name":"wp","href":"https:\/\/api.w.org\/{rel}","templated":true}]}}