{"id":15441,"date":"2019-02-28T14:00:35","date_gmt":"2019-02-28T17:00:35","guid":{"rendered":"http:\/\/www.bibliotecadeseguranca.com.br\/fr\/?p=15441"},"modified":"2019-02-28T13:09:42","modified_gmt":"2019-02-28T16:09:42","slug":"gestao-de-crises-e-comunicacao","status":"publish","type":"post","link":"https:\/\/www.bibliotecadeseguranca.com.br\/fr\/livros\/gestao-de-crises-e-comunicacao\/","title":{"rendered":"Gest\u00e3o de Crises e Comunica\u00e7\u00e3o"},"content":{"rendered":"<p><span style=\"color: #003366;\"><strong><img loading=\"lazy\" decoding=\"async\" class=\"alignleft size-full wp-image-15442\" src=\"http:\/\/www.bibliotecadeseguranca.com.br\/fr\/wp-content\/uploads\/2019\/02\/gestao-de-crises-e-comunicacao.jpg\" alt=\"Gest\u00e3o de Crises e Comunica\u00e7\u00e3o\" width=\"145\" height=\"205\" srcset=\"https:\/\/www.bibliotecadeseguranca.com.br\/fr\/wp-content\/uploads\/2019\/02\/gestao-de-crises-e-comunicacao.jpg 145w, https:\/\/www.bibliotecadeseguranca.com.br\/fr\/wp-content\/uploads\/2019\/02\/gestao-de-crises-e-comunicacao-106x150.jpg 106w\" sizes=\"auto, (max-width: 145px) 100vw, 145px\" \/>Jo\u00e3o Jos\u00e9 Forni<\/strong><\/span><\/p>\n<p><span style=\"color: #003366;\"><strong>Maison d&#8217;\u00e9dition Atlas<\/strong><\/span><\/p>\n<p><span style=\"color: #003366;\"><strong>R\u00e9sum\u00e9:<\/strong><\/span> O tema tratado neste livro \u00e9 essencial na bibliografia de administra\u00e7\u00e3o, gest\u00e3o e comunica\u00e7\u00e3o corporativa. Executivos, autoridades p\u00fablicas, empres\u00e1rios, gerentes, gestores de governo encontrar\u00e3o informa\u00e7\u00f5es e an\u00e1lises relevantes sobre como evitar e driblar as crises, tema cada vez mais frequente no ambiente empresarial, pol\u00edtico e p\u00fablico. Como diz o autor do pref\u00e1cio, Miguel Jorge, \u00e9 uma obra necess\u00e1ria. \u00c9 tamb\u00e9m dos mais consistentes livros de gest\u00e3o de crises produzidos no Brasil. Jo\u00e3o Jos\u00e9 Forni \u00e9 um autor com larga experi\u00eancia em gest\u00e3o e comunica\u00e7\u00e3o corporativa. H\u00e1 mais de dez anos se concentra em acompanhar e estudar a maioria das grandes crises corporativas ocorridas no Brasil e no mundo e percorre o Brasil ministrando cursos e palestras sobre o assunto. No livro, consegue reunir a pr\u00e1tica exercida na \u00e1rea p\u00fablica e privada, com um denso e minucioso levantamento bibliogr\u00e1fico, a partir de centenas de obras publicadas, e entrevistas, no Brasil e no exterior. Atualizada com an\u00e1lises das \u00faltimas grandes crises corporativas do mundo, esta \u00e9 uma obra obrigat\u00f3ria para quem se preocupa com resultados e o futuro das organiza\u00e7\u00f5es. Um livro completo para ser lido e debatido no ambiente profissional por executivos das empresas privadas, pelos gestores p\u00fablicos e comunicadores. Livro recomendado para l\u00edderes empresariais, gestores privados e p\u00fablicos, pol\u00edticos, profissionais de comunica\u00e7\u00e3o de todas as \u00e1reas &#8211; publicidade, rela\u00e7\u00f5es p\u00fablicas, jornalismo, comunica\u00e7\u00e3o organizacional, administra\u00e7\u00e3o, marketing, empresas de comunica\u00e7\u00e3o corporativa, estudantes e pesquisadores de administra\u00e7\u00e3o e comunica\u00e7\u00e3o.<\/p>\n","protected":false},"excerpt":{"rendered":"<p>Jo\u00e3o Jos\u00e9 Forni Maison d&#8217;\u00e9dition Atlas R\u00e9sum\u00e9: O tema tratado neste livro \u00e9 essencial na bibliografia de administra\u00e7\u00e3o, gest\u00e3o e comunica\u00e7\u00e3o corporativa. Executivos, autoridades p\u00fablicas, empres\u00e1rios, gerentes, gestores de governo encontrar\u00e3o informa\u00e7\u00f5es e an\u00e1lises relevantes sobre como evitar e driblar as crises, tema cada vez mais frequente no ambiente empresarial, pol\u00edtico e p\u00fablico. Como diz o autor do pref\u00e1cio, Miguel Jorge, \u00e9 uma obra necess\u00e1ria. \u00c9 tamb\u00e9m dos mais consistentes&hellip; <\/p>\n","protected":false},"author":3,"featured_media":15442,"comment_status":"open","ping_status":"closed","sticky":false,"template":"","format":"standard","meta":{"footnotes":""},"categories":[14,6,19,12],"tags":[],"class_list":["post-15441","post","type-post","status-publish","format-standard","has-post-thumbnail","hentry","category-administracao-e-estrategia-empresarial","category-livros","category-risco-e-perdas","category-emergencia-e-contingencia"],"views":272,"_links":{"self":[{"href":"https:\/\/www.bibliotecadeseguranca.com.br\/fr\/wp-json\/wp\/v2\/posts\/15441","targetHints":{"allow":["GET"]}}],"collection":[{"href":"https:\/\/www.bibliotecadeseguranca.com.br\/fr\/wp-json\/wp\/v2\/posts"}],"about":[{"href":"https:\/\/www.bibliotecadeseguranca.com.br\/fr\/wp-json\/wp\/v2\/types\/post"}],"author":[{"embeddable":true,"href":"https:\/\/www.bibliotecadeseguranca.com.br\/fr\/wp-json\/wp\/v2\/users\/3"}],"replies":[{"embeddable":true,"href":"https:\/\/www.bibliotecadeseguranca.com.br\/fr\/wp-json\/wp\/v2\/comments?post=15441"}],"version-history":[{"count":1,"href":"https:\/\/www.bibliotecadeseguranca.com.br\/fr\/wp-json\/wp\/v2\/posts\/15441\/revisions"}],"predecessor-version":[{"id":15443,"href":"https:\/\/www.bibliotecadeseguranca.com.br\/fr\/wp-json\/wp\/v2\/posts\/15441\/revisions\/15443"}],"wp:featuredmedia":[{"embeddable":true,"href":"https:\/\/www.bibliotecadeseguranca.com.br\/fr\/wp-json\/wp\/v2\/media\/15442"}],"wp:attachment":[{"href":"https:\/\/www.bibliotecadeseguranca.com.br\/fr\/wp-json\/wp\/v2\/media?parent=15441"}],"wp:term":[{"taxonomy":"category","embeddable":true,"href":"https:\/\/www.bibliotecadeseguranca.com.br\/fr\/wp-json\/wp\/v2\/categories?post=15441"},{"taxonomy":"post_tag","embeddable":true,"href":"https:\/\/www.bibliotecadeseguranca.com.br\/fr\/wp-json\/wp\/v2\/tags?post=15441"}],"curies":[{"name":"wp","href":"https:\/\/api.w.org\/{rel}","templated":true}]}}