{"id":15429,"date":"2019-02-22T14:00:13","date_gmt":"2019-02-22T17:00:13","guid":{"rendered":"http:\/\/www.bibliotecadeseguranca.com.br\/fr\/?p=15429"},"modified":"2019-02-22T13:36:22","modified_gmt":"2019-02-22T16:36:22","slug":"perspectivas-e-debates-em-seguranca-defesa-e-relacoes-internacionais","status":"publish","type":"post","link":"https:\/\/www.bibliotecadeseguranca.com.br\/fr\/livros\/perspectivas-e-debates-em-seguranca-defesa-e-relacoes-internacionais\/","title":{"rendered":"Perspectivas e Debates em Seguran\u00e7a, Defesa e Rela\u00e7\u00f5es Internacionais"},"content":{"rendered":"<p><span style=\"color: #003366;\"><strong><img loading=\"lazy\" decoding=\"async\" class=\"alignleft size-full wp-image-15430\" src=\"http:\/\/www.bibliotecadeseguranca.com.br\/fr\/wp-content\/uploads\/2019\/02\/perspectivas-e-debates-em-seguranca-defesa-e-relacoes-internacionais.jpg\" alt=\"Perspectivas e Debates em Seguran\u00e7a, Defesa e Rela\u00e7\u00f5es Internacionais\" width=\"145\" height=\"204\" srcset=\"https:\/\/www.bibliotecadeseguranca.com.br\/fr\/wp-content\/uploads\/2019\/02\/perspectivas-e-debates-em-seguranca-defesa-e-relacoes-internacionais.jpg 145w, https:\/\/www.bibliotecadeseguranca.com.br\/fr\/wp-content\/uploads\/2019\/02\/perspectivas-e-debates-em-seguranca-defesa-e-relacoes-internacionais-107x150.jpg 107w\" sizes=\"auto, (max-width: 145px) 100vw, 145px\" \/>Daniel Chaves<\/strong><\/span><\/p>\n<p><span style=\"color: #003366;\"><strong>Maison d&#8217;\u00e9dition Autografia<\/strong><\/span><\/p>\n<p><span style=\"color: #003366;\"><strong>R\u00e9sum\u00e9:<\/strong><\/span> O livro que ora apresentamos, uma obra coletiva de jovens pesquisadores de alta qualifica\u00e7\u00e3o, representa um not\u00e1vel avan\u00e7o nos estudos dos assuntos militares, de defesa e de seguran\u00e7a no Brasil. \u00c9 neste contexto que saudamos com alegria o novo livroem pauta, organizado por Daniel Chaves, Erica Winand e Lucas Pinheiro. Trata-se de um conjunto de artigos, fortemente embasados em pesquisas, com um coerente e indispens\u00e1vel quadro te\u00f3rico, voltado para um debate sobre assuntos militares, seguran\u00e7a e defesa que rompe com o provincianismo tradicional \u2013 outro mal paralisante de tais estudos no Brasil \u2013, abordando e comparando situa\u00e7\u00f5es internacionais e locais, e abre perspectivas para um debate seminal no novo campo. &#8211; Francisco Carlos Teixeira da Silva<\/p>\n","protected":false},"excerpt":{"rendered":"<p>Daniel Chaves Maison d&#8217;\u00e9dition Autografia R\u00e9sum\u00e9: O livro que ora apresentamos, uma obra coletiva de jovens pesquisadores de alta qualifica\u00e7\u00e3o, representa um not\u00e1vel avan\u00e7o nos estudos dos assuntos militares, de defesa e de seguran\u00e7a no Brasil. \u00c9 neste contexto que saudamos com alegria o novo livroem pauta, organizado por Daniel Chaves, Erica Winand e Lucas Pinheiro. Trata-se de um conjunto de artigos, fortemente embasados em pesquisas, com um coerente e&hellip; <\/p>\n","protected":false},"author":3,"featured_media":15430,"comment_status":"open","ping_status":"closed","sticky":false,"template":"","format":"standard","meta":{"footnotes":""},"categories":[6],"tags":[],"class_list":["post-15429","post","type-post","status-publish","format-standard","has-post-thumbnail","hentry","category-livros"],"views":145,"_links":{"self":[{"href":"https:\/\/www.bibliotecadeseguranca.com.br\/fr\/wp-json\/wp\/v2\/posts\/15429","targetHints":{"allow":["GET"]}}],"collection":[{"href":"https:\/\/www.bibliotecadeseguranca.com.br\/fr\/wp-json\/wp\/v2\/posts"}],"about":[{"href":"https:\/\/www.bibliotecadeseguranca.com.br\/fr\/wp-json\/wp\/v2\/types\/post"}],"author":[{"embeddable":true,"href":"https:\/\/www.bibliotecadeseguranca.com.br\/fr\/wp-json\/wp\/v2\/users\/3"}],"replies":[{"embeddable":true,"href":"https:\/\/www.bibliotecadeseguranca.com.br\/fr\/wp-json\/wp\/v2\/comments?post=15429"}],"version-history":[{"count":1,"href":"https:\/\/www.bibliotecadeseguranca.com.br\/fr\/wp-json\/wp\/v2\/posts\/15429\/revisions"}],"predecessor-version":[{"id":15431,"href":"https:\/\/www.bibliotecadeseguranca.com.br\/fr\/wp-json\/wp\/v2\/posts\/15429\/revisions\/15431"}],"wp:featuredmedia":[{"embeddable":true,"href":"https:\/\/www.bibliotecadeseguranca.com.br\/fr\/wp-json\/wp\/v2\/media\/15430"}],"wp:attachment":[{"href":"https:\/\/www.bibliotecadeseguranca.com.br\/fr\/wp-json\/wp\/v2\/media?parent=15429"}],"wp:term":[{"taxonomy":"category","embeddable":true,"href":"https:\/\/www.bibliotecadeseguranca.com.br\/fr\/wp-json\/wp\/v2\/categories?post=15429"},{"taxonomy":"post_tag","embeddable":true,"href":"https:\/\/www.bibliotecadeseguranca.com.br\/fr\/wp-json\/wp\/v2\/tags?post=15429"}],"curies":[{"name":"wp","href":"https:\/\/api.w.org\/{rel}","templated":true}]}}