{"id":15426,"date":"2019-02-21T14:00:30","date_gmt":"2019-02-21T17:00:30","guid":{"rendered":"http:\/\/www.bibliotecadeseguranca.com.br\/fr\/?p=15426"},"modified":"2019-02-21T11:07:33","modified_gmt":"2019-02-21T14:07:33","slug":"auditoria-ambiental-uma-ferramenta-de-gestao","status":"publish","type":"post","link":"https:\/\/www.bibliotecadeseguranca.com.br\/fr\/livros\/auditoria-ambiental-uma-ferramenta-de-gestao\/","title":{"rendered":"Auditoria Ambiental: Uma Ferramenta de Gest\u00e3o"},"content":{"rendered":"<p><span style=\"color: #003366;\"><strong><img loading=\"lazy\" decoding=\"async\" class=\"alignleft size-full wp-image-15427\" src=\"http:\/\/www.bibliotecadeseguranca.com.br\/fr\/wp-content\/uploads\/2019\/02\/auditoria-ambiental-uma-ferramenta-de-gestao.jpg\" alt=\"Auditoria Ambiental: Uma Ferramenta de Gest\u00e3o\" width=\"145\" height=\"205\" srcset=\"https:\/\/www.bibliotecadeseguranca.com.br\/fr\/wp-content\/uploads\/2019\/02\/auditoria-ambiental-uma-ferramenta-de-gestao.jpg 145w, https:\/\/www.bibliotecadeseguranca.com.br\/fr\/wp-content\/uploads\/2019\/02\/auditoria-ambiental-uma-ferramenta-de-gestao-106x150.jpg 106w\" sizes=\"auto, (max-width: 145px) 100vw, 145px\" \/>Lucila Maria de S. Campos, Alexandre de \u00c1. Ler\u00edpio<\/strong><\/span><\/p>\n<p><span style=\"color: #003366;\"><strong>Maison d&#8217;\u00e9dition Atlas<\/strong><\/span><\/p>\n<p><span style=\"color: #003366;\"><strong>R\u00e9sum\u00e9:<\/strong><\/span> A tem\u00e1tica ambiental \u00e9 hoje uma das quest\u00f5es que mais se discute na defini\u00e7\u00e3o de estrat\u00e9gias organizacionais de empresas que desejam sobreviver e atuar em mercados globais. O discurso pela conserva\u00e7\u00e3o do meio ambiente e pela busca de um desenvolvimento sustent\u00e1vel deixou de ser realizado somente por ambientalistas e hoje \u00e9 um tema tratado por muitos empres\u00e1rios dos mais variados setores. A Universidade, por sua vez, atrav\u00e9s de seu papel social, necessita n\u00e3o somente acompanhar esta evolu\u00e7\u00e3o, mas antecipar-se a ela, formando profissionais preparados para enfrentar os desafios da preserva\u00e7\u00e3o e conserva\u00e7\u00e3o do meio ambiente.<br \/>\nEste livro \u00e9 de autoria de dois professores doutores da Universidade do Vale do Itaja\u00ed (UNIVALI), em Santa Catarina, que ministram as disciplinas de Auditoria Ambiental e Sistemas de Gest\u00e3o Ambiental. Em suas aulas sentem falta de um instrumento que pudesse passar de forma clara e objetiva a vis\u00e3o das Auditorias Ambientais como um Instrumento de Gest\u00e3o. Portanto, este material foi desenvolvido de forma a unir aspectos te\u00f3ricos e pr\u00e1ticos da auditoria ambiental. A inten\u00e7\u00e3o deles \u00e9 que o livro possa ser \u00fatil aos leitores e que possa ser uma pequena contribui\u00e7\u00e3o no sentido de se incentivar a ado\u00e7\u00e3o de instrumentos de gest\u00e3o ambiental pelas organiza\u00e7\u00f5es, proporcionando a minimiza\u00e7\u00e3o dos impactos ambientais e econ\u00f4micos negativos e a conserva\u00e7\u00e3o dos recursos naturais.<br \/>\nLivro destinado a profissionais que trabalhem ou que pretendam trabalhar na \u00e1rea de auditoria e gest\u00e3o ambiental. Leitura complementar para as disciplinas Auditoria ambiental e Sistemas de Gest\u00e3o Ambiental dos cursos de gradua\u00e7\u00e3o e p\u00f3s-gradua\u00e7\u00e3o em Administra\u00e7\u00e3o e Engenharia Ambiental, bem como para cursos de MBAs e para disciplinas de Gest\u00e3o, Auditoria e Marketing Ambiental em cursos de especializa\u00e7\u00e3o.<\/p>\n","protected":false},"excerpt":{"rendered":"<p>Lucila Maria de S. Campos, Alexandre de \u00c1. Ler\u00edpio Maison d&#8217;\u00e9dition Atlas R\u00e9sum\u00e9: A tem\u00e1tica ambiental \u00e9 hoje uma das quest\u00f5es que mais se discute na defini\u00e7\u00e3o de estrat\u00e9gias organizacionais de empresas que desejam sobreviver e atuar em mercados globais. O discurso pela conserva\u00e7\u00e3o do meio ambiente e pela busca de um desenvolvimento sustent\u00e1vel deixou de ser realizado somente por ambientalistas e hoje \u00e9 um tema tratado por muitos empres\u00e1rios&hellip; <\/p>\n","protected":false},"author":3,"featured_media":15427,"comment_status":"open","ping_status":"closed","sticky":false,"template":"","format":"standard","meta":{"footnotes":""},"categories":[14,117,6],"tags":[],"class_list":["post-15426","post","type-post","status-publish","format-standard","has-post-thumbnail","hentry","category-administracao-e-estrategia-empresarial","category-conseils-et-verification","category-livros"],"views":332,"_links":{"self":[{"href":"https:\/\/www.bibliotecadeseguranca.com.br\/fr\/wp-json\/wp\/v2\/posts\/15426","targetHints":{"allow":["GET"]}}],"collection":[{"href":"https:\/\/www.bibliotecadeseguranca.com.br\/fr\/wp-json\/wp\/v2\/posts"}],"about":[{"href":"https:\/\/www.bibliotecadeseguranca.com.br\/fr\/wp-json\/wp\/v2\/types\/post"}],"author":[{"embeddable":true,"href":"https:\/\/www.bibliotecadeseguranca.com.br\/fr\/wp-json\/wp\/v2\/users\/3"}],"replies":[{"embeddable":true,"href":"https:\/\/www.bibliotecadeseguranca.com.br\/fr\/wp-json\/wp\/v2\/comments?post=15426"}],"version-history":[{"count":1,"href":"https:\/\/www.bibliotecadeseguranca.com.br\/fr\/wp-json\/wp\/v2\/posts\/15426\/revisions"}],"predecessor-version":[{"id":15428,"href":"https:\/\/www.bibliotecadeseguranca.com.br\/fr\/wp-json\/wp\/v2\/posts\/15426\/revisions\/15428"}],"wp:featuredmedia":[{"embeddable":true,"href":"https:\/\/www.bibliotecadeseguranca.com.br\/fr\/wp-json\/wp\/v2\/media\/15427"}],"wp:attachment":[{"href":"https:\/\/www.bibliotecadeseguranca.com.br\/fr\/wp-json\/wp\/v2\/media?parent=15426"}],"wp:term":[{"taxonomy":"category","embeddable":true,"href":"https:\/\/www.bibliotecadeseguranca.com.br\/fr\/wp-json\/wp\/v2\/categories?post=15426"},{"taxonomy":"post_tag","embeddable":true,"href":"https:\/\/www.bibliotecadeseguranca.com.br\/fr\/wp-json\/wp\/v2\/tags?post=15426"}],"curies":[{"name":"wp","href":"https:\/\/api.w.org\/{rel}","templated":true}]}}