{"id":15370,"date":"2019-01-28T14:00:31","date_gmt":"2019-01-28T16:00:31","guid":{"rendered":"http:\/\/www.bibliotecadeseguranca.com.br\/fr\/?p=15370"},"modified":"2019-01-28T11:56:00","modified_gmt":"2019-01-28T13:56:00","slug":"a-guerra-na-era-da-informacao","status":"publish","type":"post","link":"https:\/\/www.bibliotecadeseguranca.com.br\/fr\/livros\/a-guerra-na-era-da-informacao\/","title":{"rendered":"A Guerra na Era da Informa\u00e7\u00e3o"},"content":{"rendered":"<p><span style=\"color: #003366;\"><strong><img loading=\"lazy\" decoding=\"async\" class=\"alignleft size-full wp-image-15371\" src=\"http:\/\/www.bibliotecadeseguranca.com.br\/fr\/wp-content\/uploads\/2019\/01\/a-guerra-na-era-da-informacao.jpg\" alt=\"A Guerra na Era da Informa\u00e7\u00e3o\" width=\"145\" height=\"208\" srcset=\"https:\/\/www.bibliotecadeseguranca.com.br\/fr\/wp-content\/uploads\/2019\/01\/a-guerra-na-era-da-informacao.jpg 145w, https:\/\/www.bibliotecadeseguranca.com.br\/fr\/wp-content\/uploads\/2019\/01\/a-guerra-na-era-da-informacao-105x150.jpg 105w\" sizes=\"auto, (max-width: 145px) 100vw, 145px\" \/>Alessandro Visacro<\/strong><\/span><\/p>\n<p><span style=\"color: #003366;\"><strong>Maison d&#8217;\u00e9dition Contexto<\/strong><\/span><\/p>\n<p><span style=\"color: #003366;\"><strong>R\u00e9sum\u00e9:<\/strong><\/span> A Era da Informa\u00e7\u00e3o, que mudou radicalmente nosso dia a dia, provocou tamb\u00e9m altera\u00e7\u00f5es enormes nas guerras, tanto nas declaradas quanto naquelas que se desenrolam nas cidades violentas. A comunica\u00e7\u00e3o se tornou r\u00e1pida e eficiente, e se isso vale para as for\u00e7as da lei vale tamb\u00e9m para os que vivem \u00e0 margem da lei, criando, \u00e0s vezes, um estado paralelo dentro do Estado. Claro que os militares precisam acompanhar a expans\u00e3o tecnol\u00f3gica e o fluxo r\u00e1pido de informa\u00e7\u00f5es, para n\u00e3o ficarem atr\u00e1s das organiza\u00e7\u00f5es criminosas. O coronel Alessandro Visacro, especialista na \u00e1rea, mostra como essa nova natureza dos conflitos armados imp\u00f5e uma redefini\u00e7\u00e3odas agendas nacionais de seguran\u00e7a e defesa, incluindo o enfrentamento do terrorismo, do crime organizado e dos ataques cibern\u00e9ticos. Em resumo, este livro trata do papel que podem ter o ex\u00e9rcito e a seguran\u00e7a p\u00fablica no mundo contempor\u00e2neo.<\/p>\n","protected":false},"excerpt":{"rendered":"<p>Alessandro Visacro Maison d&#8217;\u00e9dition Contexto R\u00e9sum\u00e9: A Era da Informa\u00e7\u00e3o, que mudou radicalmente nosso dia a dia, provocou tamb\u00e9m altera\u00e7\u00f5es enormes nas guerras, tanto nas declaradas quanto naquelas que se desenrolam nas cidades violentas. A comunica\u00e7\u00e3o se tornou r\u00e1pida e eficiente, e se isso vale para as for\u00e7as da lei vale tamb\u00e9m para os que vivem \u00e0 margem da lei, criando, \u00e0s vezes, um estado paralelo dentro do Estado. Claro&hellip; <\/p>\n","protected":false},"author":3,"featured_media":15371,"comment_status":"open","ping_status":"closed","sticky":false,"template":"","format":"standard","meta":{"footnotes":""},"categories":[30,6,20,25],"tags":[],"class_list":["post-15370","post","type-post","status-publish","format-standard","has-post-thumbnail","hentry","category-espionagem-e-inteligencia-competitiva","category-livros","category-seguranca-da-informacao","category-seguranca-publica-e-defesa"],"views":310,"_links":{"self":[{"href":"https:\/\/www.bibliotecadeseguranca.com.br\/fr\/wp-json\/wp\/v2\/posts\/15370","targetHints":{"allow":["GET"]}}],"collection":[{"href":"https:\/\/www.bibliotecadeseguranca.com.br\/fr\/wp-json\/wp\/v2\/posts"}],"about":[{"href":"https:\/\/www.bibliotecadeseguranca.com.br\/fr\/wp-json\/wp\/v2\/types\/post"}],"author":[{"embeddable":true,"href":"https:\/\/www.bibliotecadeseguranca.com.br\/fr\/wp-json\/wp\/v2\/users\/3"}],"replies":[{"embeddable":true,"href":"https:\/\/www.bibliotecadeseguranca.com.br\/fr\/wp-json\/wp\/v2\/comments?post=15370"}],"version-history":[{"count":1,"href":"https:\/\/www.bibliotecadeseguranca.com.br\/fr\/wp-json\/wp\/v2\/posts\/15370\/revisions"}],"predecessor-version":[{"id":15372,"href":"https:\/\/www.bibliotecadeseguranca.com.br\/fr\/wp-json\/wp\/v2\/posts\/15370\/revisions\/15372"}],"wp:featuredmedia":[{"embeddable":true,"href":"https:\/\/www.bibliotecadeseguranca.com.br\/fr\/wp-json\/wp\/v2\/media\/15371"}],"wp:attachment":[{"href":"https:\/\/www.bibliotecadeseguranca.com.br\/fr\/wp-json\/wp\/v2\/media?parent=15370"}],"wp:term":[{"taxonomy":"category","embeddable":true,"href":"https:\/\/www.bibliotecadeseguranca.com.br\/fr\/wp-json\/wp\/v2\/categories?post=15370"},{"taxonomy":"post_tag","embeddable":true,"href":"https:\/\/www.bibliotecadeseguranca.com.br\/fr\/wp-json\/wp\/v2\/tags?post=15370"}],"curies":[{"name":"wp","href":"https:\/\/api.w.org\/{rel}","templated":true}]}}